{"id":25065,"date":"2013-08-23T09:36:17","date_gmt":"2013-08-23T12:36:17","guid":{"rendered":"http:\/\/www.ufla.br\/ascom\/?p=25065"},"modified":"2013-08-27T09:29:12","modified_gmt":"2013-08-27T12:29:12","slug":"divulgados-editais-para-o-processo-de-avaliacao-seriada-da-ufla-inscricao-de-269-a-2410","status":"publish","type":"post","link":"https:\/\/www.ufla.br\/dcom\/2013\/08\/23\/divulgados-editais-para-o-processo-de-avaliacao-seriada-da-ufla-inscricao-de-269-a-2410\/","title":{"rendered":"Inscri\u00e7\u00e3o para o Processo de Avalia\u00e7\u00e3o Seriada da UFLA ter\u00e1 in\u00edcio em 26 de setembro"},"content":{"rendered":"<p><a href=\"http:\/\/www.ufla.br\/ascom\/wp-content\/uploads\/2013\/08\/19.08-PAS-UFLA.jpg\"><img loading=\"lazy\" decoding=\"async\" class=\"alignleft size-full wp-image-25066\" alt=\"19.08 PAS-UFLA\" src=\"http:\/\/www.ufla.br\/ascom\/wp-content\/uploads\/2013\/08\/19.08-PAS-UFLA.jpg\" width=\"249\" height=\"160\" \/><\/a>Os estudantes do Ensino M\u00e9dio devem ficar atentos ao per\u00edodo de inscri\u00e7\u00e3o do Processo Seletivo de Avalia\u00e7\u00e3o Seriada (PAS) da Universidade Federal de Lavras (UFLA), que reserva 40% das vagas do primeiro semestre letivo para os candidatos desse Programa.<\/p>\n<p>A inscri\u00e7\u00e3o ser\u00e1 feita somente via Internet, no endere\u00e7o\u00a0<strong style=\"font-size: 13px; line-height: 19px;\">www.dips.ufla.br, <\/strong>no per\u00edodo de 26 de setembro<strong style=\"font-size: 13px; line-height: 19px;\">\u00a0<\/strong>at\u00e9 as 18 horas do dia 24\/10\/2013<b style=\"font-size: 13px; line-height: 19px;\">\u00a0<\/b>(hor\u00e1rio de Bras\u00edlia). O valor da inscri\u00e7\u00e3o para a 1\u00aa e 2\u00aa etapas \u00e9 de R$100,00 (cem reais); para a 3\u00aa etapa, a taxa ser\u00e1 de R$ 50,00 (cinquenta reais).<\/p>\n<p>Trata-se de um processo aplicado em tr\u00eas etapas consecutivas, sendo uma etapa ao final de cada ano do Ensino M\u00e9dio. \u00a0Na 3\u00aa Etapa do Processo, ser\u00e1 considerada a nota do Exame Nacional do Ensino M\u00e9dio \u2013 Enem. As provas referentes \u00e0 1\u00aa e 2\u00aa etapas ser\u00e3o realizadas nos dias 30 de novembro e 1\u00ba de dezembro.<\/p>\n<p>A isen\u00e7\u00e3o da taxa de inscri\u00e7\u00e3o dever\u00e1 ser solicitada marcando o campo correspondente no requerimento de inscri\u00e7\u00e3o, no site\u00a0<strong>www.dips.ufla.br<\/strong>, no per\u00edodo de\u00a018 a 25 de setembro. Veja no edital os requisitos para a solicita\u00e7\u00e3o.<\/p>\n<p><b><i>O processo<\/i><\/b><\/p>\n<p>O candidato do PAS dever\u00e1 renovar sua inscri\u00e7\u00e3o em cada ano do Ensino M\u00e9dio, em datas divulgadas pela Diretoria de Processos Seletivos da UFLA (Dips\/UFLA). A n\u00e3o renova\u00e7\u00e3o da inscri\u00e7\u00e3o acarretar\u00e1 a sua autom\u00e1tica exclus\u00e3o do Grupo no qual estiver inscrito. O candidato da 3\u00aa Etapa, al\u00e9m de renovar sua inscri\u00e7\u00e3o nessa Etapa, dever\u00e1 fazer sua inscri\u00e7\u00e3o no Enem.<\/p>\n<p>As provas das duas primeiras etapas s\u00e3o de m\u00faltipla escolha e Reda\u00e7\u00e3o; na 1\u00aa Etapa, \u00e9 cobrado o programa da 1\u00aa s\u00e9rie do Ensino M\u00e9dio e, na 2\u00aa Etapa, s\u00e3o cobrados os programas da 1\u00aa e 2\u00aa s\u00e9ries do Ensino M\u00e9dio. Na 3\u00aa Etapa do Processo, ser\u00e1 considerada a nota do Exame Nacional do Ensino M\u00e9dio \u2013 Enem.<\/p>\n<p>O candidato do PAS estar\u00e1 concorrendo a at\u00e9 40% (quarenta por cento) das vagas dos cursos oferecidos pela UFLA referentes ao 1\u00ba semestre letivo. Na terceira etapa, que utiliza as notas do Enem, o candidato far\u00e1 a op\u00e7\u00e3o pelo curso no qual pretende ingressar.<\/p>\n<p>Em cumprimento \u00e0 Lei n\u00ba 12.711, de 29\/8\/2012, regulamentada pelo Decreto n\u00ba 7.824, de 11\/10\/2012, e pela Portaria Normativa n\u00ba 18, de 11\/10\/2012, do Ministro de Estado da Educa\u00e7\u00e3o, a UFLA far\u00e1 a reserva de vagas, por curso, para os estudantes que tenham cursado integralmente o ensino m\u00e9dio em escolas p\u00fablicas.<\/p>\n<p>Ao se inscrever para a 1\u00aa Etapa do PAS, o candidato dever\u00e1 estar matriculado ou j\u00e1 ter conclu\u00eddo, no m\u00ednimo, a 1\u00aa s\u00e9rie do Ensino M\u00e9dio, cuja modalidade de ensino seja regular (de tr\u00eas anos), ou a 2\u00aa s\u00e9rie do Ensino M\u00e9dio, cuja modalidade de ensino seja de 4 (quatro) anos. Ao se inscrever, o candidato que estiver cursando o Ensino M\u00e9dio cadastrar\u00e1 a escola na qual estiver matriculado, fornecendo seus dados no requerimento de inscri\u00e7\u00e3o.<\/p>\n<p>As provas ser\u00e3o realizadas nas seguintes cidades do Estado de Minas Gerais: Lavras, Alfenas, Belo Horizonte, Divin\u00f3polis, Itajub\u00e1, Juiz de Fora e Uberl\u00e2ndia.<\/p>\n<p>Acesse os editais em\u00a0<a href=\"http:\/\/www.dips.ufla.br\/\">www.dips.ufla.br<\/a><\/p>\n<p>&nbsp;<\/p>\n<p>&nbsp;<\/p>\n","protected":false},"excerpt":{"rendered":"<p>Os estudantes do Ensino M\u00e9dio devem ficar atentos ao per\u00edodo de inscri\u00e7\u00e3o do Processo Seletivo de Avalia\u00e7\u00e3o Seriada (PAS) da Universidade Federal de Lavras (UFLA), que reserva 40% (&#8230;)<\/p>\n","protected":false},"author":6,"featured_media":0,"comment_status":"closed","ping_status":"closed","sticky":false,"template":"","format":"standard","meta":{"ngg_post_thumbnail":0,"footnotes":""},"categories":[1],"tags":[902,180],"class_list":["post-25065","post","type-post","status-publish","format-standard","hentry","category-noticias","tag-avaliacao-seriada","tag-pas"],"_links":{"self":[{"href":"https:\/\/www.ufla.br\/dcom\/wp-json\/wp\/v2\/posts\/25065","targetHints":{"allow":["GET"]}}],"collection":[{"href":"https:\/\/www.ufla.br\/dcom\/wp-json\/wp\/v2\/posts"}],"about":[{"href":"https:\/\/www.ufla.br\/dcom\/wp-json\/wp\/v2\/types\/post"}],"author":[{"embeddable":true,"href":"https:\/\/www.ufla.br\/dcom\/wp-json\/wp\/v2\/users\/6"}],"replies":[{"embeddable":true,"href":"https:\/\/www.ufla.br\/dcom\/wp-json\/wp\/v2\/comments?post=25065"}],"version-history":[{"count":14,"href":"https:\/\/www.ufla.br\/dcom\/wp-json\/wp\/v2\/posts\/25065\/revisions"}],"predecessor-version":[{"id":25068,"href":"https:\/\/www.ufla.br\/dcom\/wp-json\/wp\/v2\/posts\/25065\/revisions\/25068"}],"wp:attachment":[{"href":"https:\/\/www.ufla.br\/dcom\/wp-json\/wp\/v2\/media?parent=25065"}],"wp:term":[{"taxonomy":"category","embeddable":true,"href":"https:\/\/www.ufla.br\/dcom\/wp-json\/wp\/v2\/categories?post=25065"},{"taxonomy":"post_tag","embeddable":true,"href":"https:\/\/www.ufla.br\/dcom\/wp-json\/wp\/v2\/tags?post=25065"}],"curies":[{"name":"wp","href":"https:\/\/api.w.org\/{rel}","templated":true}]}}