{"id":24584,"date":"2013-08-05T15:08:36","date_gmt":"2013-08-05T18:08:36","guid":{"rendered":"http:\/\/www.ufla.br\/ascom\/?p=24584"},"modified":"2013-08-07T16:19:22","modified_gmt":"2013-08-07T19:19:22","slug":"1-encontro-presencial-cead-foi-realizado-no-sabado","status":"publish","type":"post","link":"https:\/\/www.ufla.br\/dcom\/2013\/08\/05\/1-encontro-presencial-cead-foi-realizado-no-sabado\/","title":{"rendered":"Primeiro encontro presencial de estudantes de Administra\u00e7\u00e3o P\u00fablica e Filosofia foi realizado no s\u00e1bado"},"content":{"rendered":"<p><a href=\"http:\/\/www.ufla.br\/ascom\/wp-content\/uploads\/2013\/08\/Cead.jpg\"><img loading=\"lazy\" decoding=\"async\" class=\"alignleft size-medium wp-image-24585\" alt=\"Encontro Presencial Cead\" src=\"http:\/\/www.ufla.br\/ascom\/wp-content\/uploads\/2013\/08\/Cead-249x186.jpg\" width=\"249\" height=\"186\" srcset=\"https:\/\/www.ufla.br\/dcom\/wp-content\/uploads\/2013\/08\/Cead-249x186.jpg 249w, https:\/\/www.ufla.br\/dcom\/wp-content\/uploads\/2013\/08\/Cead-612x459.jpg 612w, https:\/\/www.ufla.br\/dcom\/wp-content\/uploads\/2013\/08\/Cead.jpg 1000w\" sizes=\"auto, (max-width: 249px) 100vw, 249px\" \/><\/a>Foi realizado no \u00faltimo s\u00e1bado (03\/08) o primeiro encontro presencial dos cursos de Gradua\u00e7\u00e3o de Administra\u00e7\u00e3o P\u00fablica e Filosofia do Centro de Educa\u00e7\u00e3o a Dist\u00e2ncia (Cead), no Sal\u00e3o de Conven\u00e7\u00f5es da UFLA. Estiveram presentes o pr\u00f3-reitor Adjunto de Gradua\u00e7\u00e3o, professor Marco Ant\u00f4nio Villarta Neder; o coordenador do CEAD, professor Ronei Ximenes Martins; o coordenador Institucional da Universidade Aberta do Brasil (UAB), Cl\u00e9ber Carvalho de Castro; os coordenadores dos cursos de Administra\u00e7\u00e3o P\u00fablica e Filosofia, modalidade a dist\u00e2ncia, professora Helo\u00edsa Rosa Carvalho e professor Andr\u00e9 Constantino Yazbek; e os estudantes.<\/p>\n<p>Os cursos a dist\u00e2ncia est\u00e3o se espalhando por todas as regi\u00f5es. Segundo dados divulgados pela Associa\u00e7\u00e3o Brasileira de Educa\u00e7\u00e3o a Dist\u00e2ncia (Abed) e Pearson Brasil, entre 2010 e 2011 houve um crescimento de 58% do n\u00famero de matr\u00edculas.<\/p>\n<p>De acordo com o prof. Marco Ant\u00f4nio Villarta Neder, a educa\u00e7\u00e3o a dist\u00e2ncia \u00e9 um desafio. \u201cA educa\u00e7\u00e3o a dist\u00e2ncia \u00e9 um desafio com o tempo que vivemos e o acesso \u00e0 informa\u00e7\u00e3o\u201d, al\u00e9m de \u201cchegar a lugares f\u00edsicos onde a universidade n\u00e3o conseguiria chegar\u201d.<\/p>\n<p>No Brasil o n\u00famero de pessoas com acesso \u00e0 internet chegou aos 94,2 milh\u00f5es, aponta o relat\u00f3rio divulgado pelo Ibope Media no dia 14 de dezembro de 2012. Foi levado em considera\u00e7\u00e3o usu\u00e1rios maiores de 16 anos com acesso em v\u00e1rios locais (em casa, no trabalho, na faculdade etc) e na faixa et\u00e1ria de 2 a 15 anos que se conectam apenas no domic\u00edlio.<\/p>\n<p>Tatiane Aparecida Rodrigues (36), de Boa Esperan\u00e7a &#8211; MG, \u00e9 estudante de Administra\u00e7\u00e3o P\u00fablica e se diz satisfeita com a qualidade do ensino. \u201cA qualidade do curso \u00e9 boa e consistente. Considero a flexibilidade dos cursos a dist\u00e2ncia importante por quest\u00e3o de trabalho e por morar em outra cidade\u201d. F\u00e1bio Henrique (21), de Cambu\u00ed &#8211; MG, est\u00e1 cursando Filosofia e compartilha a mesma opini\u00e3o. \u201cA qualidade do curso a dist\u00e2ncia \u00e9 boa. Estou sentindo um pouco de dificuldade, pois o curso \u00e9 dif\u00edcil\u201d.<\/p>\n<p>A UFLA oferece os cursos de gradua\u00e7\u00e3o em Administra\u00e7\u00e3o P\u00fablica, Filosofia, Letras\/Ingl\u00eas, Letras\/Portugu\u00eas e Pedagogia, al\u00e9m de p\u00f3s-gradua\u00e7\u00e3o em Educa\u00e7\u00e3o Ambiental, G\u00eanero e Diversidade na Escola, e Produ\u00e7\u00e3o de Material Did\u00e1tico para a Diversidade, ambos a dist\u00e2ncia.<\/p>\n<h5>Texto e foto: Leonardo Assad \u2013 jornalista \u2013 bolsista\/ASCOM\/DCH<\/h5>\n<p>&nbsp;<\/p>\n","protected":false},"excerpt":{"rendered":"<p>Foi realizado no \u00faltimo s\u00e1bado (03\/08) o primeiro encontro presencial dos cursos de Gradua\u00e7\u00e3o de Administra\u00e7\u00e3o P\u00fablica e Filosofia do Centro de Educa\u00e7\u00e3o a Dist\u00e2ncia (Cead), no Sal\u00e3o de Conven\u00e7\u00f5es da UFLA. Estiveram presentes o pr\u00f3-reitor Adjunto de Gradua\u00e7\u00e3o, professor Marco Ant\u00f4nio Villarta Neder; o coordenador do CEAD, professor Ronei Ximenes Martins; o coordenador Institucional &hellip; <a href=\"https:\/\/www.ufla.br\/dcom\/2013\/08\/05\/1-encontro-presencial-cead-foi-realizado-no-sabado\/\" class=\"more-link\">Continue lendo <span class=\"screen-reader-text\">Primeiro encontro presencial de estudantes de Administra\u00e7\u00e3o P\u00fablica e Filosofia foi realizado no s\u00e1bado<\/span> <span class=\"meta-nav\">&rarr;<\/span><\/a><\/p>\n","protected":false},"author":8,"featured_media":0,"comment_status":"closed","ping_status":"closed","sticky":false,"template":"","format":"standard","meta":{"ngg_post_thumbnail":0,"footnotes":""},"categories":[1,10],"tags":[261],"class_list":["post-24584","post","type-post","status-publish","format-standard","hentry","category-noticias","category-menores","tag-cead"],"_links":{"self":[{"href":"https:\/\/www.ufla.br\/dcom\/wp-json\/wp\/v2\/posts\/24584","targetHints":{"allow":["GET"]}}],"collection":[{"href":"https:\/\/www.ufla.br\/dcom\/wp-json\/wp\/v2\/posts"}],"about":[{"href":"https:\/\/www.ufla.br\/dcom\/wp-json\/wp\/v2\/types\/post"}],"author":[{"embeddable":true,"href":"https:\/\/www.ufla.br\/dcom\/wp-json\/wp\/v2\/users\/8"}],"replies":[{"embeddable":true,"href":"https:\/\/www.ufla.br\/dcom\/wp-json\/wp\/v2\/comments?post=24584"}],"version-history":[{"count":6,"href":"https:\/\/www.ufla.br\/dcom\/wp-json\/wp\/v2\/posts\/24584\/revisions"}],"predecessor-version":[{"id":24587,"href":"https:\/\/www.ufla.br\/dcom\/wp-json\/wp\/v2\/posts\/24584\/revisions\/24587"}],"wp:attachment":[{"href":"https:\/\/www.ufla.br\/dcom\/wp-json\/wp\/v2\/media?parent=24584"}],"wp:term":[{"taxonomy":"category","embeddable":true,"href":"https:\/\/www.ufla.br\/dcom\/wp-json\/wp\/v2\/categories?post=24584"},{"taxonomy":"post_tag","embeddable":true,"href":"https:\/\/www.ufla.br\/dcom\/wp-json\/wp\/v2\/tags?post=24584"}],"curies":[{"name":"wp","href":"https:\/\/api.w.org\/{rel}","templated":true}]}}