{"id":24513,"date":"2013-08-01T15:09:14","date_gmt":"2013-08-01T18:09:14","guid":{"rendered":"http:\/\/www.ufla.br\/ascom\/?p=24513"},"modified":"2013-08-05T15:11:01","modified_gmt":"2013-08-05T18:11:01","slug":"tem-inicio-prazo-para-submissao-de-trabalhos-no-xxii-congresso-de-pos-graduacao-da-ufla","status":"publish","type":"post","link":"https:\/\/www.ufla.br\/dcom\/2013\/08\/01\/tem-inicio-prazo-para-submissao-de-trabalhos-no-xxii-congresso-de-pos-graduacao-da-ufla\/","title":{"rendered":"Tem in\u00edcio prazo para submiss\u00e3o de trabalhos no XXII Congresso de P\u00f3s-Gradua\u00e7\u00e3o da UFLA"},"content":{"rendered":"<p><a href=\"http:\/\/www.ufla.br\/ascom\/wp-content\/uploads\/2013\/08\/01.08-congresso-p\u00f3s.jpg\"><img loading=\"lazy\" decoding=\"async\" class=\"alignright size-medium wp-image-24514\" alt=\"01.08 congresso p\u00f3s\" src=\"http:\/\/www.ufla.br\/ascom\/wp-content\/uploads\/2013\/08\/01.08-congresso-p\u00f3s-249x112.jpg\" width=\"249\" height=\"112\" srcset=\"https:\/\/www.ufla.br\/dcom\/wp-content\/uploads\/2013\/08\/01.08-congresso-p\u00f3s-249x112.jpg 249w, https:\/\/www.ufla.br\/dcom\/wp-content\/uploads\/2013\/08\/01.08-congresso-p\u00f3s-612x276.jpg 612w, https:\/\/www.ufla.br\/dcom\/wp-content\/uploads\/2013\/08\/01.08-congresso-p\u00f3s.jpg 638w\" sizes=\"auto, (max-width: 249px) 100vw, 249px\" \/><\/a>Teve in\u00edcio nesta segunda-feira (29) o prazo para submiss\u00e3o de trabalhos no XXII Congresso de P\u00f3s-Gradua\u00e7\u00e3o da Universidade Federal de Lavras. O evento acontece entre os dias 14 e 18 de outubro e os trabalhos enviados podem ser no formato de p\u00f4ster ou resumo expandido, at\u00e9 o dia dois de setembro.<\/p>\n<p>O Congresso \u00e9 organizado pela Associa\u00e7\u00e3o dos P\u00f3s-Graduandos da Universidade Federal de Lavras (APG), em parceria com a Pr\u00f3-Reitoria de P\u00f3s-Gradua\u00e7\u00e3o (PRPG) e com a UFLA.<\/p>\n<p>Em 2013, o tema \u00e9 \u201cP\u00f3s-Gradua\u00e7\u00e3o: Constru\u00e7\u00e3o cient\u00edfica, curricular ou pessoal?\u201d, com professores palestrantes de universidades federais, governo de Minas Gerais e empresas privadas.<\/p>\n<p>Outras informa\u00e7\u00f5es sobre inscri\u00e7\u00e3o, submiss\u00e3o de trabalhos e programa\u00e7\u00e3o no endere\u00e7o <a href=\"http:\/\/www.apg.ufla.br\/congresso\/\">http:\/\/www.apg.ufla.br\/congresso\/<\/a><\/p>\n<h5>Texto: Marina Botelho &#8211; jornalista &#8211; bolsista\/ASCOM<\/h5>\n<p>&nbsp;<\/p>\n","protected":false},"excerpt":{"rendered":"<p>Teve in\u00edcio nesta segunda-feira (29) o prazo para submiss\u00e3o de trabalhos no XXII Congresso de P\u00f3s-Gradua\u00e7\u00e3o da Universidade Federal de Lavras. O evento acontece entre os dias 14 e 18 de outubro e os trabalhos enviados podem ser no formato de p\u00f4ster ou resumo expandido, at\u00e9 o dia dois de setembro. O Congresso \u00e9 organizado &hellip; <a href=\"https:\/\/www.ufla.br\/dcom\/2013\/08\/01\/tem-inicio-prazo-para-submissao-de-trabalhos-no-xxii-congresso-de-pos-graduacao-da-ufla\/\" class=\"more-link\">Continue lendo <span class=\"screen-reader-text\">Tem in\u00edcio prazo para submiss\u00e3o de trabalhos no XXII Congresso de P\u00f3s-Gradua\u00e7\u00e3o da UFLA<\/span> <span class=\"meta-nav\">&rarr;<\/span><\/a><\/p>\n","protected":false},"author":6,"featured_media":0,"comment_status":"closed","ping_status":"closed","sticky":false,"template":"","format":"standard","meta":{"ngg_post_thumbnail":0,"footnotes":""},"categories":[1,10],"tags":[],"class_list":["post-24513","post","type-post","status-publish","format-standard","hentry","category-noticias","category-menores"],"_links":{"self":[{"href":"https:\/\/www.ufla.br\/dcom\/wp-json\/wp\/v2\/posts\/24513","targetHints":{"allow":["GET"]}}],"collection":[{"href":"https:\/\/www.ufla.br\/dcom\/wp-json\/wp\/v2\/posts"}],"about":[{"href":"https:\/\/www.ufla.br\/dcom\/wp-json\/wp\/v2\/types\/post"}],"author":[{"embeddable":true,"href":"https:\/\/www.ufla.br\/dcom\/wp-json\/wp\/v2\/users\/6"}],"replies":[{"embeddable":true,"href":"https:\/\/www.ufla.br\/dcom\/wp-json\/wp\/v2\/comments?post=24513"}],"version-history":[{"count":3,"href":"https:\/\/www.ufla.br\/dcom\/wp-json\/wp\/v2\/posts\/24513\/revisions"}],"predecessor-version":[{"id":24591,"href":"https:\/\/www.ufla.br\/dcom\/wp-json\/wp\/v2\/posts\/24513\/revisions\/24591"}],"wp:attachment":[{"href":"https:\/\/www.ufla.br\/dcom\/wp-json\/wp\/v2\/media?parent=24513"}],"wp:term":[{"taxonomy":"category","embeddable":true,"href":"https:\/\/www.ufla.br\/dcom\/wp-json\/wp\/v2\/categories?post=24513"},{"taxonomy":"post_tag","embeddable":true,"href":"https:\/\/www.ufla.br\/dcom\/wp-json\/wp\/v2\/tags?post=24513"}],"curies":[{"name":"wp","href":"https:\/\/api.w.org\/{rel}","templated":true}]}}