{"id":2392,"date":"2009-10-01T12:12:00","date_gmt":"2009-10-01T12:12:00","guid":{"rendered":"http:\/\/www.ascom.ufla.br\/site\/index.php\/2009\/10\/nota-oficial-do-ministerio-da-educacao-sobre-o-adiamento-das-provas\/"},"modified":"2009-10-01T12:12:00","modified_gmt":"2009-10-01T12:12:00","slug":"nota-oficial-do-ministerio-da-educacao-sobre-o-adiamento-das-provas","status":"publish","type":"post","link":"https:\/\/www.ufla.br\/dcom\/2009\/10\/01\/nota-oficial-do-ministerio-da-educacao-sobre-o-adiamento-das-provas\/","title":{"rendered":"Nota oficial do Minist\u00e9rio da Educa\u00e7\u00e3o sobre o adiamento das provas"},"content":{"rendered":"<div>O Minist&eacute;rio da Educa&ccedil;&atilde;o informa que as provas do Exame Nacional do Ensino M&eacute;dio (Enem), marcadas para este fim de semana, foram adiadas por motivos de seguran&ccedil;a.<\/div>\n<\/p>\n<div>&nbsp;<\/div>\n<\/p>\n<div>O Instituto Nacional de Estudos e Pesquisas Educacionais (Inep) j&aacute; tem uma segunda prova e deve anunciar a nova data do exame nos pr&oacute;ximos dias, depois de reorganizar a log&iacute;stica de aplica&ccedil;&atilde;o.<\/div>\n<\/p>\n<div>&nbsp;<\/div>\n<\/p>\n<div>O Minist&eacute;rio da Educa&ccedil;&atilde;o j&aacute; tomou provid&ecirc;ncias junto ao Minist&eacute;rio da Justi&ccedil;a e &agrave; Pol&iacute;cia Federal no sentido de apurar eventuais responsabilidades criminais relativas ao vazamento.<\/div>\n<\/p>\n<div>&nbsp;<\/div>\n<\/p>\n<div>Os estudantes inscritos ser&atilde;o comunicados oportunamente, pelos meios habituais, sobre a confirma&ccedil;&atilde;o da nova data e do local das provas.<\/div>\n<\/p>\n<div>&nbsp;<\/div>\n<\/p>\n<div>Em raz&atilde;o do adiamento, a divulga&ccedil;&atilde;o do resultado final das provas, inicialmente prevista para 8 de janeiro, deve sofrer atraso de um m&ecirc;s, aproximadamente.<\/div>\n<\/p>\n<div>&nbsp;<\/div>\n<\/p>\n<div>O Minist&eacute;rio da Educa&ccedil;&atilde;o trabalha para minimizar os efeitos do atraso.<\/div>\n","protected":false},"excerpt":{"rendered":"<p>O Minist&eacute;rio da Educa&ccedil;&atilde;o informa que as provas do Exame Nacional do Ensino M&eacute;dio (Enem), marcadas para este fim de semana, foram adiadas por motivos de seguran&ccedil;a. &nbsp; O Instituto Nacional de Estudos e Pesquisas Educacionais (Inep) j&aacute; tem uma segunda prova e deve anunciar a nova data do exame nos pr&oacute;ximos dias, depois de &hellip; <a href=\"https:\/\/www.ufla.br\/dcom\/2009\/10\/01\/nota-oficial-do-ministerio-da-educacao-sobre-o-adiamento-das-provas\/\" class=\"more-link\">Continue lendo <span class=\"screen-reader-text\">Nota oficial do Minist\u00e9rio da Educa\u00e7\u00e3o sobre o adiamento das provas<\/span> <span class=\"meta-nav\">&rarr;<\/span><\/a><\/p>\n","protected":false},"author":9,"featured_media":0,"comment_status":"open","ping_status":"open","sticky":false,"template":"","format":"standard","meta":{"ngg_post_thumbnail":0,"footnotes":""},"categories":[1],"tags":[],"class_list":["post-2392","post","type-post","status-publish","format-standard","hentry","category-noticias"],"_links":{"self":[{"href":"https:\/\/www.ufla.br\/dcom\/wp-json\/wp\/v2\/posts\/2392","targetHints":{"allow":["GET"]}}],"collection":[{"href":"https:\/\/www.ufla.br\/dcom\/wp-json\/wp\/v2\/posts"}],"about":[{"href":"https:\/\/www.ufla.br\/dcom\/wp-json\/wp\/v2\/types\/post"}],"author":[{"embeddable":true,"href":"https:\/\/www.ufla.br\/dcom\/wp-json\/wp\/v2\/users\/9"}],"replies":[{"embeddable":true,"href":"https:\/\/www.ufla.br\/dcom\/wp-json\/wp\/v2\/comments?post=2392"}],"version-history":[{"count":0,"href":"https:\/\/www.ufla.br\/dcom\/wp-json\/wp\/v2\/posts\/2392\/revisions"}],"wp:attachment":[{"href":"https:\/\/www.ufla.br\/dcom\/wp-json\/wp\/v2\/media?parent=2392"}],"wp:term":[{"taxonomy":"category","embeddable":true,"href":"https:\/\/www.ufla.br\/dcom\/wp-json\/wp\/v2\/categories?post=2392"},{"taxonomy":"post_tag","embeddable":true,"href":"https:\/\/www.ufla.br\/dcom\/wp-json\/wp\/v2\/tags?post=2392"}],"curies":[{"name":"wp","href":"https:\/\/api.w.org\/{rel}","templated":true}]}}