{"id":23888,"date":"2013-07-12T09:09:26","date_gmt":"2013-07-12T12:09:26","guid":{"rendered":"http:\/\/www.ufla.br\/ascom\/?p=23888"},"modified":"2013-07-16T16:06:43","modified_gmt":"2013-07-16T19:06:43","slug":"inscricoes-abertas-para-transferencia-externa-em-oito-cursos-da-ufla","status":"publish","type":"post","link":"https:\/\/www.ufla.br\/dcom\/2013\/07\/12\/inscricoes-abertas-para-transferencia-externa-em-oito-cursos-da-ufla\/","title":{"rendered":"Inscri\u00e7\u00f5es abertas para Transfer\u00eancia Externa em oito cursos da UFLA"},"content":{"rendered":"<p><a href=\"http:\/\/www.ufla.br\/ascom\/wp-content\/uploads\/2013\/07\/12.07-Dips.jpg\"><img loading=\"lazy\" decoding=\"async\" class=\"alignleft size-full wp-image-23890\" alt=\"12.07 Dips\" src=\"http:\/\/www.ufla.br\/ascom\/wp-content\/uploads\/2013\/07\/12.07-Dips.jpg\" width=\"270\" height=\"172\" srcset=\"https:\/\/www.ufla.br\/dcom\/wp-content\/uploads\/2013\/07\/12.07-Dips.jpg 270w, https:\/\/www.ufla.br\/dcom\/wp-content\/uploads\/2013\/07\/12.07-Dips-249x158.jpg 249w\" sizes=\"auto, (max-width: 270px) 100vw, 270px\" \/><\/a>A Universidade Federal de Lavras, por meio da Diretoria de Processos Seletivos (Dips), torna p\u00fablico o Edital referente \u00e0 oferta de vagas para Transfer\u00eancia Externa para os cursos de gradua\u00e7\u00e3o, modalidade presencial, com validade para o segundo semestre letivo de 2013. Ser\u00e3o disponibilizadas 158 vagas, em oito cursos ofertados pela Universidade.<\/p>\n<p>As inscri\u00e7\u00f5es poder\u00e3o ser feitas no per\u00edodo de 20 a 27 de julho, somente pela internet (<a href=\"http:\/\/www.dips.ufla.br\/\">www.dips.ufla.br<\/a>), a uma taxa de R$ 25,00 (vinte reais). Os pedidos para isen\u00e7\u00e3o da taxa dever\u00e3o ser feitos impreterivelmente nos dias 18 e 19 de julho; esse pedido tamb\u00e9m deve ser feito pelo\u00a0<em>site,<\/em><i>\u00a0<\/i><em>no ato da inscri\u00e7\u00e3o<\/em>.<\/p>\n<p>A sele\u00e7\u00e3o de candidatos para transfer\u00eancia externa vai considerar as notas do Exame Nacional do Ensino M\u00e9dio (Enem) aplicado no ano de 2011 ou 2012, aplicando-se os pesos deliberados pelos colegiados de cursos para cada \u00e1rea do ENEM<\/p>\n<p>Poder\u00e3o se candidatar \u00e0 transfer\u00eancia externa estudantes regularmente matriculados em outras Institui\u00e7\u00f5es de Ensino Superior, em cursos presenciais ou a dist\u00e2ncia, devidamente autorizados de acordo com a legisla\u00e7\u00e3o espec\u00edfica em vigor, e que atendam aos requisitos previstos no Edital,\u00a0<a href=\"http:\/\/www.dips.ufla.br\/copese\/upload\/File\/2013_2\/TRANS_EXT\/edital_169-transferencia-externa.pdf\">dispon\u00edvel aqui<\/a>.<\/p>\n<p>O candidato dever\u00e1 verificar se sua inscri\u00e7\u00e3o foi efetivada acessando o Cadastro do Candidato no endere\u00e7o www.dips.ufla.br, a partir do dia 31\/7\/2013, informando seu n\u00famero de CPF e data de nascimento. A Rela\u00e7\u00e3o dos candidatos classificados ser\u00e1 homologada pela Pr\u00f3-Reitora de Gradua\u00e7\u00e3o da UFLA e publicada no endere\u00e7o <a href=\"http:\/\/www.dips.ufla.br\/copese\/default.asp\">www.dips.ufla.br<\/a>, no dia\u00a016 de\u00a0agosto de 2013.<\/p>\n<p><strong>Cursos e vagas<\/strong><\/p>\n<p>Ci\u00eancia da Computa\u00e7\u00e3o (2), Ci\u00eancias Biol\u00f3gicas \u2013 Licenciatura (9), Engenharia de Alimentos (11), Engenharia Floresta (7), Letras \u2013 Licenciatura (25), Nutri\u00e7\u00e3o (32), Qu\u00edmica \u2013 Licenciatura (39) e Zootecnia (33).<\/p>\n<p><strong>Informa\u00e7\u00f5es:<\/strong>\u00a035.3829.1120\/1133; Telefax: 35.3829.1558;\u00a0\u00a0<a href=\"mailto:dips@dips.ufla.br\">atendimento@dips.ufla.br<\/a>;\u00a0<a href=\"http:\/\/www.dips.ufla.br\/\">www.dips.ufla.br<\/a><\/p>\n<p><a href=\"http:\/\/www.ufla.br\/ascom\/wp-content\/uploads\/2013\/07\/edital_169-transferencia-externa.pdf\">Consulte o edital<\/a><\/p>\n<p>&nbsp;<\/p>\n<p>&nbsp;<\/p>\n","protected":false},"excerpt":{"rendered":"<p>A Universidade Federal de Lavras, por meio da Diretoria de Processos Seletivos (Dips), torna p\u00fablico o Edital referente \u00e0 oferta de vagas para Transfer\u00eancia Externa para os cursos de gradua\u00e7\u00e3o, modalidade presencial, com validade para o segundo semestre letivo de 2013. Ser\u00e3o disponibilizadas 158 vagas, em oito cursos ofertados pela Universidade. As inscri\u00e7\u00f5es poder\u00e3o ser &hellip; <a href=\"https:\/\/www.ufla.br\/dcom\/2013\/07\/12\/inscricoes-abertas-para-transferencia-externa-em-oito-cursos-da-ufla\/\" class=\"more-link\">Continue lendo <span class=\"screen-reader-text\">Inscri\u00e7\u00f5es abertas para Transfer\u00eancia Externa em oito cursos da UFLA<\/span> <span class=\"meta-nav\">&rarr;<\/span><\/a><\/p>\n","protected":false},"author":6,"featured_media":0,"comment_status":"closed","ping_status":"closed","sticky":false,"template":"","format":"standard","meta":{"ngg_post_thumbnail":0,"footnotes":""},"categories":[1,10],"tags":[],"class_list":["post-23888","post","type-post","status-publish","format-standard","hentry","category-noticias","category-menores"],"_links":{"self":[{"href":"https:\/\/www.ufla.br\/dcom\/wp-json\/wp\/v2\/posts\/23888","targetHints":{"allow":["GET"]}}],"collection":[{"href":"https:\/\/www.ufla.br\/dcom\/wp-json\/wp\/v2\/posts"}],"about":[{"href":"https:\/\/www.ufla.br\/dcom\/wp-json\/wp\/v2\/types\/post"}],"author":[{"embeddable":true,"href":"https:\/\/www.ufla.br\/dcom\/wp-json\/wp\/v2\/users\/6"}],"replies":[{"embeddable":true,"href":"https:\/\/www.ufla.br\/dcom\/wp-json\/wp\/v2\/comments?post=23888"}],"version-history":[{"count":5,"href":"https:\/\/www.ufla.br\/dcom\/wp-json\/wp\/v2\/posts\/23888\/revisions"}],"predecessor-version":[{"id":24020,"href":"https:\/\/www.ufla.br\/dcom\/wp-json\/wp\/v2\/posts\/23888\/revisions\/24020"}],"wp:attachment":[{"href":"https:\/\/www.ufla.br\/dcom\/wp-json\/wp\/v2\/media?parent=23888"}],"wp:term":[{"taxonomy":"category","embeddable":true,"href":"https:\/\/www.ufla.br\/dcom\/wp-json\/wp\/v2\/categories?post=23888"},{"taxonomy":"post_tag","embeddable":true,"href":"https:\/\/www.ufla.br\/dcom\/wp-json\/wp\/v2\/tags?post=23888"}],"curies":[{"name":"wp","href":"https:\/\/api.w.org\/{rel}","templated":true}]}}