{"id":23817,"date":"2013-07-09T17:33:27","date_gmt":"2013-07-09T20:33:27","guid":{"rendered":"http:\/\/www.ufla.br\/ascom\/?p=23817"},"modified":"2013-07-12T09:38:19","modified_gmt":"2013-07-12T12:38:19","slug":"calouros-devem-tirar-foto-para-o-cartao-de-identificacao-de-15-a-19-de-julho","status":"publish","type":"post","link":"https:\/\/www.ufla.br\/dcom\/2013\/07\/09\/calouros-devem-tirar-foto-para-o-cartao-de-identificacao-de-15-a-19-de-julho\/","title":{"rendered":"Calouros devem tirar foto para o Cart\u00e3o de Identifica\u00e7\u00e3o de 15 a 19 de julho"},"content":{"rendered":"<p><a href=\"http:\/\/www.ufla.br\/ascom\/wp-content\/uploads\/2013\/07\/09.07-cart\u00e3o-estudante.jpg\"><img loading=\"lazy\" decoding=\"async\" class=\"alignleft size-full wp-image-23818\" alt=\"09.07 cart\u00e3o estudante\" src=\"http:\/\/www.ufla.br\/ascom\/wp-content\/uploads\/2013\/07\/09.07-cart\u00e3o-estudante.jpg\" width=\"249\" height=\"178\" \/><\/a>A Diretoria de Gest\u00e3o e Tecnologia da Informa\u00e7\u00e3o (DGTI) solicita aos calouros de gradua\u00e7\u00e3o que ainda n\u00e3o tiraram foto para o cart\u00e3o de identifica\u00e7\u00e3o pessoal que compare\u00e7am \u00e0 Coordenadoria de Suporte e Manuten\u00e7\u00e3o da DGTI, no per\u00edodo de 15\/7 a 19\/7\/2013, das 8 \u00e0s 11 horas ou das 13 \u00e0s 19 horas. O \u00a0calouro que n\u00e3o comparecer neste per\u00edodo, dever\u00e1 procurar a DGTI para a confec\u00e7\u00e3o do cart\u00e3o a partir do dia 5\/8\/2013.<\/p>\n<p>Durante o per\u00edodo de 15\/7\/2013 \u00e0 31\/7\/2013, estar\u00e1 suspensa a confec\u00e7\u00e3o do cart\u00e3o de identifica\u00e7\u00e3o pessoal dos docentes, t\u00e9cnicos administrativos, discentes que n\u00e3o sejam calouros e alunos do Bic J\u00fanior, bem como a emiss\u00e3o de segunda via.<\/p>\n<p>&nbsp;<\/p>\n","protected":false},"excerpt":{"rendered":"<p>A Diretoria de Gest\u00e3o e Tecnologia da Informa\u00e7\u00e3o (DGTI) solicita aos calouros de gradua\u00e7\u00e3o que ainda n\u00e3o tiraram foto para o cart\u00e3o de identifica\u00e7\u00e3o pessoal que compare\u00e7am \u00e0 Coordenadoria de Suporte e Manuten\u00e7\u00e3o da DGTI, no per\u00edodo de 15\/7 a 19\/7\/2013, das 8 \u00e0s 11 horas ou das 13 \u00e0s 19 horas. O \u00a0calouro que &hellip; <a href=\"https:\/\/www.ufla.br\/dcom\/2013\/07\/09\/calouros-devem-tirar-foto-para-o-cartao-de-identificacao-de-15-a-19-de-julho\/\" class=\"more-link\">Continue lendo <span class=\"screen-reader-text\">Calouros devem tirar foto para o Cart\u00e3o de Identifica\u00e7\u00e3o de 15 a 19 de julho<\/span> <span class=\"meta-nav\">&rarr;<\/span><\/a><\/p>\n","protected":false},"author":6,"featured_media":0,"comment_status":"closed","ping_status":"closed","sticky":false,"template":"","format":"standard","meta":{"ngg_post_thumbnail":0,"footnotes":""},"categories":[1,10],"tags":[],"class_list":["post-23817","post","type-post","status-publish","format-standard","hentry","category-noticias","category-menores"],"_links":{"self":[{"href":"https:\/\/www.ufla.br\/dcom\/wp-json\/wp\/v2\/posts\/23817","targetHints":{"allow":["GET"]}}],"collection":[{"href":"https:\/\/www.ufla.br\/dcom\/wp-json\/wp\/v2\/posts"}],"about":[{"href":"https:\/\/www.ufla.br\/dcom\/wp-json\/wp\/v2\/types\/post"}],"author":[{"embeddable":true,"href":"https:\/\/www.ufla.br\/dcom\/wp-json\/wp\/v2\/users\/6"}],"replies":[{"embeddable":true,"href":"https:\/\/www.ufla.br\/dcom\/wp-json\/wp\/v2\/comments?post=23817"}],"version-history":[{"count":3,"href":"https:\/\/www.ufla.br\/dcom\/wp-json\/wp\/v2\/posts\/23817\/revisions"}],"predecessor-version":[{"id":23910,"href":"https:\/\/www.ufla.br\/dcom\/wp-json\/wp\/v2\/posts\/23817\/revisions\/23910"}],"wp:attachment":[{"href":"https:\/\/www.ufla.br\/dcom\/wp-json\/wp\/v2\/media?parent=23817"}],"wp:term":[{"taxonomy":"category","embeddable":true,"href":"https:\/\/www.ufla.br\/dcom\/wp-json\/wp\/v2\/categories?post=23817"},{"taxonomy":"post_tag","embeddable":true,"href":"https:\/\/www.ufla.br\/dcom\/wp-json\/wp\/v2\/tags?post=23817"}],"curies":[{"name":"wp","href":"https:\/\/api.w.org\/{rel}","templated":true}]}}