{"id":2374,"date":"2009-09-24T12:20:00","date_gmt":"2009-09-24T15:20:00","guid":{"rendered":"http:\/\/www.ascom.ufla.br\/site\/index.php\/2009\/09\/ufla-da-inicio-a-padronizacao-de-seus-documentos-oficiais\/"},"modified":"2011-10-12T00:34:54","modified_gmt":"2011-10-12T03:34:54","slug":"ufla-da-inicio-a-padronizacao-de-seus-documentos-oficiais","status":"publish","type":"post","link":"https:\/\/www.ufla.br\/dcom\/2009\/09\/24\/ufla-da-inicio-a-padronizacao-de-seus-documentos-oficiais\/","title":{"rendered":"Ufla d\u00e1 in\u00edcio \u00e0 padroniza\u00e7\u00e3o de seus documentos oficiais"},"content":{"rendered":"<div>\n<p>A partir deste m&ecirc;s, a Ufla est&aacute; iniciando o processo de padroniza&ccedil;&atilde;o dos seus documentos. At&eacute; ent&atilde;o, n&atilde;o havia regras que determinassem como as comunica&ccedil;&otilde;es oficiais da institui&ccedil;&atilde;o deveriam ser elaboradas.<\/p>\n<\/p>\n<p>Conscientizando-se do problema existente, a Proplag &#8211; Pr&oacute;-Reitoria de Planejamento e Gest&atilde;o, por interm&eacute;dio do &oacute;rg&atilde;o de documenta&ccedil;&atilde;o arquiv&iacute;stica (Arquivo Central), resolveu padronizar toda a documenta&ccedil;&atilde;o. &ldquo;Tomando por base as normas da arquivologia e tendo como refer&ecirc;ncia o Manual da Presid&ecirc;ncia da Rep&uacute;blica, os formatos as serem utilizados pela institui&ccedil;&atilde;o foram criados&rdquo;, explica o arquivista da Ufla, Inaldo Nascimento Concei&ccedil;&atilde;o.<\/p>\n<\/p>\n<p>O processo foi dividido em duas etapas. Num primeiro momento, est&atilde;o sendo colocados no mesmo padr&atilde;o os documentos: of&iacute;cio, memorando, circular e portaria. Posteriormente, a padroniza&ccedil;&atilde;o dos comunicados se estender&aacute; aos formul&aacute;rios espec&iacute;ficos de cada setor.<\/p>\n<\/p>\n<p><strong>Como proceder?<\/strong><\/p>\n<\/p>\n<p>Para participar desse processo, os respons&aacute;veis pela elabora&ccedil;&atilde;o dos documentos das pr&oacute;-reitorias, departamentos e demais setores da Ufla dever&atilde;o enviar um e-mail para o endere&ccedil;o <a href='mailto:arquivocentral@proplag.ufla.br'>arquivocentral@proplag.ufla.br<\/a>, solicitando o conjunto dos modelos de documentos. Junto &agrave; solicita&ccedil;&atilde;o, os interessados devem enviar o nome de sua unidade, subunidade (se houver), telefone e e-mail.&nbsp;<\/p>\n<\/p>\n<p>O arquivista Inaldo responder&aacute; ao correio eletr&ocirc;nico enviando os arquivos <span>personalizados a cada unidade. <\/span><\/p>\n<\/p>\n<\/div>\n","protected":false},"excerpt":{"rendered":"<p>A partir deste m&ecirc;s, a Ufla est&aacute; iniciando o processo de padroniza&ccedil;&atilde;o dos seus documentos. At&eacute; ent&atilde;o, n&atilde;o havia regras que determinassem como as comunica&ccedil;&otilde;es oficiais da institui&ccedil;&atilde;o deveriam ser elaboradas. Conscientizando-se do problema existente, a Proplag &#8211; Pr&oacute;-Reitoria de Planejamento e Gest&atilde;o, por interm&eacute;dio do &oacute;rg&atilde;o de documenta&ccedil;&atilde;o arquiv&iacute;stica (Arquivo Central), resolveu padronizar toda &hellip; <a href=\"https:\/\/www.ufla.br\/dcom\/2009\/09\/24\/ufla-da-inicio-a-padronizacao-de-seus-documentos-oficiais\/\" class=\"more-link\">Continue lendo <span class=\"screen-reader-text\">Ufla d\u00e1 in\u00edcio \u00e0 padroniza\u00e7\u00e3o de seus documentos oficiais<\/span> <span class=\"meta-nav\">&rarr;<\/span><\/a><\/p>\n","protected":false},"author":9,"featured_media":0,"comment_status":"open","ping_status":"open","sticky":false,"template":"","format":"standard","meta":{"ngg_post_thumbnail":0,"footnotes":""},"categories":[1],"tags":[30,301],"class_list":["post-2374","post","type-post","status-publish","format-standard","hentry","category-noticias","tag-administracao","tag-direcao-executiva-2"],"_links":{"self":[{"href":"https:\/\/www.ufla.br\/dcom\/wp-json\/wp\/v2\/posts\/2374","targetHints":{"allow":["GET"]}}],"collection":[{"href":"https:\/\/www.ufla.br\/dcom\/wp-json\/wp\/v2\/posts"}],"about":[{"href":"https:\/\/www.ufla.br\/dcom\/wp-json\/wp\/v2\/types\/post"}],"author":[{"embeddable":true,"href":"https:\/\/www.ufla.br\/dcom\/wp-json\/wp\/v2\/users\/9"}],"replies":[{"embeddable":true,"href":"https:\/\/www.ufla.br\/dcom\/wp-json\/wp\/v2\/comments?post=2374"}],"version-history":[{"count":1,"href":"https:\/\/www.ufla.br\/dcom\/wp-json\/wp\/v2\/posts\/2374\/revisions"}],"predecessor-version":[{"id":6569,"href":"https:\/\/www.ufla.br\/dcom\/wp-json\/wp\/v2\/posts\/2374\/revisions\/6569"}],"wp:attachment":[{"href":"https:\/\/www.ufla.br\/dcom\/wp-json\/wp\/v2\/media?parent=2374"}],"wp:term":[{"taxonomy":"category","embeddable":true,"href":"https:\/\/www.ufla.br\/dcom\/wp-json\/wp\/v2\/categories?post=2374"},{"taxonomy":"post_tag","embeddable":true,"href":"https:\/\/www.ufla.br\/dcom\/wp-json\/wp\/v2\/tags?post=2374"}],"curies":[{"name":"wp","href":"https:\/\/api.w.org\/{rel}","templated":true}]}}