{"id":23356,"date":"2013-06-25T08:16:53","date_gmt":"2013-06-25T11:16:53","guid":{"rendered":"http:\/\/www.ufla.br\/ascom\/?p=23356"},"modified":"2013-06-28T09:51:57","modified_gmt":"2013-06-28T12:51:57","slug":"prgdp-abre-inscricoes-para-o-curso-de-capacitacao-em-primeiros-socorros","status":"publish","type":"post","link":"https:\/\/www.ufla.br\/dcom\/2013\/06\/25\/prgdp-abre-inscricoes-para-o-curso-de-capacitacao-em-primeiros-socorros\/","title":{"rendered":"PRGDP abre inscri\u00e7\u00f5es para o curso de capacita\u00e7\u00e3o em primeiros socorros"},"content":{"rendered":"<p><a href=\"http:\/\/www.ufla.br\/ascom\/wp-content\/uploads\/2013\/06\/24.06-primeiros-socorros.jpg\"><img loading=\"lazy\" decoding=\"async\" class=\"alignright size-medium wp-image-23357\" alt=\"24.06 primeiros socorros\" src=\"http:\/\/www.ufla.br\/ascom\/wp-content\/uploads\/2013\/06\/24.06-primeiros-socorros-249x171.jpg\" width=\"249\" height=\"171\" srcset=\"https:\/\/www.ufla.br\/dcom\/wp-content\/uploads\/2013\/06\/24.06-primeiros-socorros-249x171.jpg 249w, https:\/\/www.ufla.br\/dcom\/wp-content\/uploads\/2013\/06\/24.06-primeiros-socorros.jpg 465w\" sizes=\"auto, (max-width: 249px) 100vw, 249px\" \/><\/a>Professores e t\u00e9cnicos administrativos da Universidade Federal de Lavras (UFLA) s\u00e3o convidados a participar do Curso de Capacita\u00e7\u00e3o em Socorros, que ser\u00e1 realizado pelo\u00a0Departamento de Educa\u00e7\u00e3o F\u00edsica da UFLA (DEF) em parceria com o Corpo de Bombeiros Militar de Lavras.<\/p>\n<p>O curso ser\u00e1 realizado no per\u00edodo de 5 a 26 de julho (somente nas sextas-feiras), no Departamento de Educa\u00e7\u00e3o F\u00edsica, sob a coordena\u00e7\u00e3o da professora Giancarla Botelho Santos. Ser\u00e3o quatro aulas, nos dias 5, 12, 19 e 26 de julho, sempre das 14 \u00e0s 17 horas, perfazendo carga hor\u00e1ria total de 12 horas.<\/p>\n<p>O curso de capacita\u00e7\u00e3o visa a difundir t\u00e9cnicas b\u00e1sicas de primeiros socorros, tornando os participantes aptos a prestarem o suporte b\u00e1sico de vida em situa\u00e7\u00f5es de urg\u00eancia e emerg\u00eancia.<\/p>\n<p>Para participar o interessado dever\u00e1 preencher a ficha de inscri\u00e7\u00e3o dispon\u00edvel na p\u00e1gina da PRGDP, no endere\u00e7o:\u00a0<a href=\"http:\/\/www.prgdp.ufla.br\/capacitacao\" target=\"_blank\">www.prgdp.ufla.br\/capacitacao<\/a>\u00a0em \u201cinscri\u00e7\u00f5es\u201d e entregar na Secretaria\/PRGDP, com a autoriza\u00e7\u00e3o da chefia, at\u00e9 \u00e0s 17h do dia 3 de julho.<\/p>\n<p><b>P\u00fablico-alvo:<\/b>\u00a0T\u00e9cnico-administrativos, docentes do quadro permanente e terceirizados. As vagas ociosas poder\u00e3o ser preenchidas por discentes da UFLA.<\/p>\n<p><b>Metodologia:\u00a0<\/b>Aulas te\u00f3ricas e pr\u00e1ticas<\/p>\n<p><b>Vagas:<\/b>\u00a030<\/p>\n<p><b>Coordenadora:\u00a0<\/b>Giancarla Aparecida Botelho Santos (DEF) em parceria com o\u00a05\u00ba Pelot\u00e3o de Bombeiro Militar de Lavras.<\/p>\n<p>&nbsp;<\/p>\n","protected":false},"excerpt":{"rendered":"<p>Professores e t\u00e9cnicos administrativos da Universidade Federal de Lavras (UFLA) s\u00e3o convidados a participar do Curso de Capacita\u00e7\u00e3o em Socorros, que ser\u00e1 realizado pelo\u00a0Departamento de Educa\u00e7\u00e3o F\u00edsica da UFLA (DEF) em parceria com o Corpo de Bombeiros Militar de Lavras. O curso ser\u00e1 realizado no per\u00edodo de 5 a 26 de julho (somente nas sextas-feiras), &hellip; <a href=\"https:\/\/www.ufla.br\/dcom\/2013\/06\/25\/prgdp-abre-inscricoes-para-o-curso-de-capacitacao-em-primeiros-socorros\/\" class=\"more-link\">Continue lendo <span class=\"screen-reader-text\">PRGDP abre inscri\u00e7\u00f5es para o curso de capacita\u00e7\u00e3o em primeiros socorros<\/span> <span class=\"meta-nav\">&rarr;<\/span><\/a><\/p>\n","protected":false},"author":6,"featured_media":0,"comment_status":"closed","ping_status":"closed","sticky":false,"template":"","format":"standard","meta":{"ngg_post_thumbnail":0,"footnotes":""},"categories":[1,10],"tags":[],"class_list":["post-23356","post","type-post","status-publish","format-standard","hentry","category-noticias","category-menores"],"_links":{"self":[{"href":"https:\/\/www.ufla.br\/dcom\/wp-json\/wp\/v2\/posts\/23356","targetHints":{"allow":["GET"]}}],"collection":[{"href":"https:\/\/www.ufla.br\/dcom\/wp-json\/wp\/v2\/posts"}],"about":[{"href":"https:\/\/www.ufla.br\/dcom\/wp-json\/wp\/v2\/types\/post"}],"author":[{"embeddable":true,"href":"https:\/\/www.ufla.br\/dcom\/wp-json\/wp\/v2\/users\/6"}],"replies":[{"embeddable":true,"href":"https:\/\/www.ufla.br\/dcom\/wp-json\/wp\/v2\/comments?post=23356"}],"version-history":[{"count":6,"href":"https:\/\/www.ufla.br\/dcom\/wp-json\/wp\/v2\/posts\/23356\/revisions"}],"predecessor-version":[{"id":23524,"href":"https:\/\/www.ufla.br\/dcom\/wp-json\/wp\/v2\/posts\/23356\/revisions\/23524"}],"wp:attachment":[{"href":"https:\/\/www.ufla.br\/dcom\/wp-json\/wp\/v2\/media?parent=23356"}],"wp:term":[{"taxonomy":"category","embeddable":true,"href":"https:\/\/www.ufla.br\/dcom\/wp-json\/wp\/v2\/categories?post=23356"},{"taxonomy":"post_tag","embeddable":true,"href":"https:\/\/www.ufla.br\/dcom\/wp-json\/wp\/v2\/tags?post=23356"}],"curies":[{"name":"wp","href":"https:\/\/api.w.org\/{rel}","templated":true}]}}