{"id":2313,"date":"2009-08-26T12:42:00","date_gmt":"2009-08-26T12:42:00","guid":{"rendered":"http:\/\/www.ascom.ufla.br\/site\/index.php\/2009\/08\/reuniao-marca-ampliacao-da-parceria-entre-a-john-deere-e-a-ufla\/"},"modified":"2009-08-26T12:42:00","modified_gmt":"2009-08-26T12:42:00","slug":"reuniao-marca-ampliacao-da-parceria-entre-a-john-deere-e-a-ufla","status":"publish","type":"post","link":"https:\/\/www.ufla.br\/dcom\/2009\/08\/26\/reuniao-marca-ampliacao-da-parceria-entre-a-john-deere-e-a-ufla\/","title":{"rendered":"Reuni\u00e3o marca amplia\u00e7\u00e3o da parceria entre a John Deere e a Ufla"},"content":{"rendered":"<div>\n<p><img alt='' width='418' height='321' src='\/_adm\/upload\/image\/john deere2.jpg' \/><\/p>\n<p><font size='1'><em>Juliano Tavares \/ Ascom Ufla<\/em><\/font><\/p>\n<\/p>\n<p>Representantes da John Deere e da Assodeere (Associa&ccedil;&atilde;o Brasileira dos Distribuidores John Deere) estiveram presentes na Ufla ontem.<\/p>\n<\/p>\n<p>O prof. Wellington Alencar de Carvalho, coordenador do conv&ecirc;nio entre a John Deere e a Ufla, afirma que &ldquo;um dos objetivos da equipe &eacute; ampliar o interc&acirc;mbio j&aacute; existente entre a empresa e o Departamento de Engenharia para todos os cursos da universidade&rdquo;. A empresa de mecaniza&ccedil;&atilde;o possui um Centro de Treinamento dentro do campus, no qual se realiza, j&aacute; h&aacute; cerca de um ano, o projeto &ldquo;Parceiros da Tecnologia&rdquo;.<\/p>\n<\/p>\n<p>&ldquo;Com a amplia&ccedil;&atilde;o desse projeto, a John Deere pretende estreitar o relacionamento entre professores, alunos e instrutores da empresa, oferecendo novos cursos no campus e criando um pr&ecirc;mio para reconhecer os talentos que se destacaram na &aacute;rea de mecaniza&ccedil;&atilde;o&rdquo;, explicam o Supervisor de Recrutamento &amp; Sele&ccedil;&atilde;o, Rodrigo Azambuja e a Gerente de Treinamento &amp; Sele&ccedil;&atilde;o, Zuleica Centeno.<\/p>\n<\/p>\n<p><strong><font color='#003366'>TRABALHE CONOSCO<\/font><\/strong> &#8211;&nbsp;Azambuja ressalta, ainda, que os estudantes da Ufla que tiverem interesse em trabalhar na empresa podem faz&ecirc;-lo por meio de duas possibilidades. A primeira delas &eacute; se cadastrar em uma das vagas abertas no <a href='http:\/\/www.johndeere.com.br\/'>www.johndeere.com.br<\/a>, link Carreiras ou mesmo cadastrar o curr&iacute;culo no site.<\/p>\n<\/p>\n<p>J&aacute; a Diretora Executiva da Assodeere, Rejane Hermann, e o diretor da concession&aacute;ria da&nbsp;Jhon Deere no Sul de Minas (Minas Verde), Cust&oacute;dio Agostinho Freire, comentam que tr&ecirc;s gerentes da &aacute;rea de p&oacute;s-venda, al&eacute;m de consultores e especialistas em mecaniza&ccedil;&atilde;o da Minas Verde, s&atilde;o egressos da Ufla. Por ser uma experi&ecirc;ncia que vem dando certo, surgiu o objetivo de estend&ecirc;-la. &Agrave;queles que tiverem interesse em trabalhar na rede de concession&aacute;rias podem enviar curr&iacute;culo para <a href='mailto:assodeere@assodeere.com.br'>assodeere@assodeere.com.br<\/a>.<\/p>\n<\/p>\n<\/div>\n","protected":false},"excerpt":{"rendered":"<p>Juliano Tavares \/ Ascom Ufla Representantes da John Deere e da Assodeere (Associa&ccedil;&atilde;o Brasileira dos Distribuidores John Deere) estiveram presentes na Ufla ontem. O prof. Wellington Alencar de Carvalho, coordenador do conv&ecirc;nio entre a John Deere e a Ufla, afirma que &ldquo;um dos objetivos da equipe &eacute; ampliar o interc&acirc;mbio j&aacute; existente entre a empresa &hellip; <a href=\"https:\/\/www.ufla.br\/dcom\/2009\/08\/26\/reuniao-marca-ampliacao-da-parceria-entre-a-john-deere-e-a-ufla\/\" class=\"more-link\">Continue lendo <span class=\"screen-reader-text\">Reuni\u00e3o marca amplia\u00e7\u00e3o da parceria entre a John Deere e a Ufla<\/span> <span class=\"meta-nav\">&rarr;<\/span><\/a><\/p>\n","protected":false},"author":9,"featured_media":0,"comment_status":"open","ping_status":"open","sticky":false,"template":"","format":"standard","meta":{"ngg_post_thumbnail":0,"footnotes":""},"categories":[1],"tags":[],"class_list":["post-2313","post","type-post","status-publish","format-standard","hentry","category-noticias"],"_links":{"self":[{"href":"https:\/\/www.ufla.br\/dcom\/wp-json\/wp\/v2\/posts\/2313","targetHints":{"allow":["GET"]}}],"collection":[{"href":"https:\/\/www.ufla.br\/dcom\/wp-json\/wp\/v2\/posts"}],"about":[{"href":"https:\/\/www.ufla.br\/dcom\/wp-json\/wp\/v2\/types\/post"}],"author":[{"embeddable":true,"href":"https:\/\/www.ufla.br\/dcom\/wp-json\/wp\/v2\/users\/9"}],"replies":[{"embeddable":true,"href":"https:\/\/www.ufla.br\/dcom\/wp-json\/wp\/v2\/comments?post=2313"}],"version-history":[{"count":0,"href":"https:\/\/www.ufla.br\/dcom\/wp-json\/wp\/v2\/posts\/2313\/revisions"}],"wp:attachment":[{"href":"https:\/\/www.ufla.br\/dcom\/wp-json\/wp\/v2\/media?parent=2313"}],"wp:term":[{"taxonomy":"category","embeddable":true,"href":"https:\/\/www.ufla.br\/dcom\/wp-json\/wp\/v2\/categories?post=2313"},{"taxonomy":"post_tag","embeddable":true,"href":"https:\/\/www.ufla.br\/dcom\/wp-json\/wp\/v2\/tags?post=2313"}],"curies":[{"name":"wp","href":"https:\/\/api.w.org\/{rel}","templated":true}]}}