{"id":2290,"date":"2009-08-13T12:11:00","date_gmt":"2009-08-13T15:11:00","guid":{"rendered":"http:\/\/www.ascom.ufla.br\/site\/index.php\/2009\/08\/ufla-confecciona-novos-cartoes-de-identificacao\/"},"modified":"2011-10-12T00:35:28","modified_gmt":"2011-10-12T03:35:28","slug":"ufla-confecciona-novos-cartoes-de-identificacao","status":"publish","type":"post","link":"https:\/\/www.ufla.br\/dcom\/2009\/08\/13\/ufla-confecciona-novos-cartoes-de-identificacao\/","title":{"rendered":"Ufla confecciona <br \/>novos cart\u00f5es de identifica\u00e7\u00e3o"},"content":{"rendered":"<div>\n<p>A Pr&oacute;-Reitoria de Planejamento e Gest&atilde;o (Proplag), atrav&eacute;s do Centro de Inform&aacute;tica, convoca a todos os estudantes, servidores e terceirizados da Ufla para a confec&ccedil;&atilde;o do cart&atilde;o&nbsp;de identifica&ccedil;&atilde;o pessoal que ser&aacute; utilizado nas depend&ecirc;ncias do novo Restaurante Universit&aacute;rio e, posteriormente na Biblioteca Central.<\/p>\n<\/p>\n<p>Para a confec&ccedil;&atilde;o do cart&atilde;o, ser&aacute; necess&aacute;rio comparecer ao RU, at&eacute; o dia 31 de agosto, das 09h &agrave;s 14h, onde foi instalado um posto que est&aacute; fotografando todos os interessados.&nbsp;Os novos cart&otilde;es ficar&atilde;o prontos em aproximadamente 30 dias. Os usu&aacute;rios ser&atilde;o notificados por email quando a carteirinha estiver pronta. Essas novas identifica&ccedil;&otilde;es dever&atilde;o ser retiradas no ponto de vendas de tickets do RU, mediante apresenta&ccedil;&atilde;o de documento de identifica&ccedil;&atilde;o com foto.<\/p>\n<\/p>\n<\/div>\n","protected":false},"excerpt":{"rendered":"<p>A Pr&oacute;-Reitoria de Planejamento e Gest&atilde;o (Proplag), atrav&eacute;s do Centro de Inform&aacute;tica, convoca a todos os estudantes, servidores e terceirizados da Ufla para a confec&ccedil;&atilde;o do cart&atilde;o&nbsp;de identifica&ccedil;&atilde;o pessoal que ser&aacute; utilizado nas depend&ecirc;ncias do novo Restaurante Universit&aacute;rio e, posteriormente na Biblioteca Central. Para a confec&ccedil;&atilde;o do cart&atilde;o, ser&aacute; necess&aacute;rio comparecer ao RU, at&eacute; o &hellip; <a href=\"https:\/\/www.ufla.br\/dcom\/2009\/08\/13\/ufla-confecciona-novos-cartoes-de-identificacao\/\" class=\"more-link\">Continue lendo <span class=\"screen-reader-text\">Ufla confecciona <br \/>novos cart\u00f5es de identifica\u00e7\u00e3o<\/span> <span class=\"meta-nav\">&rarr;<\/span><\/a><\/p>\n","protected":false},"author":9,"featured_media":0,"comment_status":"open","ping_status":"open","sticky":false,"template":"","format":"standard","meta":{"ngg_post_thumbnail":0,"footnotes":""},"categories":[1],"tags":[30,301],"class_list":["post-2290","post","type-post","status-publish","format-standard","hentry","category-noticias","tag-administracao","tag-direcao-executiva-2"],"_links":{"self":[{"href":"https:\/\/www.ufla.br\/dcom\/wp-json\/wp\/v2\/posts\/2290","targetHints":{"allow":["GET"]}}],"collection":[{"href":"https:\/\/www.ufla.br\/dcom\/wp-json\/wp\/v2\/posts"}],"about":[{"href":"https:\/\/www.ufla.br\/dcom\/wp-json\/wp\/v2\/types\/post"}],"author":[{"embeddable":true,"href":"https:\/\/www.ufla.br\/dcom\/wp-json\/wp\/v2\/users\/9"}],"replies":[{"embeddable":true,"href":"https:\/\/www.ufla.br\/dcom\/wp-json\/wp\/v2\/comments?post=2290"}],"version-history":[{"count":1,"href":"https:\/\/www.ufla.br\/dcom\/wp-json\/wp\/v2\/posts\/2290\/revisions"}],"predecessor-version":[{"id":6574,"href":"https:\/\/www.ufla.br\/dcom\/wp-json\/wp\/v2\/posts\/2290\/revisions\/6574"}],"wp:attachment":[{"href":"https:\/\/www.ufla.br\/dcom\/wp-json\/wp\/v2\/media?parent=2290"}],"wp:term":[{"taxonomy":"category","embeddable":true,"href":"https:\/\/www.ufla.br\/dcom\/wp-json\/wp\/v2\/categories?post=2290"},{"taxonomy":"post_tag","embeddable":true,"href":"https:\/\/www.ufla.br\/dcom\/wp-json\/wp\/v2\/tags?post=2290"}],"curies":[{"name":"wp","href":"https:\/\/api.w.org\/{rel}","templated":true}]}}