{"id":22627,"date":"2013-05-28T09:40:58","date_gmt":"2013-05-28T12:40:58","guid":{"rendered":"http:\/\/www.ufla.br\/ascom\/?p=22627"},"modified":"2013-06-04T09:34:19","modified_gmt":"2013-06-04T12:34:19","slug":"ciencia-sem-fronteiras-estudante-da-ufla-recebe-nota-maxima-em-trabalho-final-na-universidade-de-barcelona","status":"publish","type":"post","link":"https:\/\/www.ufla.br\/dcom\/2013\/05\/28\/ciencia-sem-fronteiras-estudante-da-ufla-recebe-nota-maxima-em-trabalho-final-na-universidade-de-barcelona\/","title":{"rendered":"Ci\u00eancia sem Fronteiras: Estudante da UFLA recebe nota m\u00e1xima em trabalho final na Universidade de Barcelona"},"content":{"rendered":"<figure id=\"attachment_22628\" aria-describedby=\"caption-attachment-22628\" style=\"width: 249px\" class=\"wp-caption alignleft\"><a href=\"http:\/\/www.ufla.br\/ascom\/wp-content\/uploads\/2013\/05\/07.04-destaque-Barcelona.jpeg\"><img loading=\"lazy\" decoding=\"async\" class=\"size-medium wp-image-22628\" alt=\"Equipe do Laborat\u00f3rio de Bioqu\u00edmica e Biologia Molecular da Faculdade de Farm\u00e1cia da Universidade de Barcelona\" src=\"http:\/\/www.ufla.br\/ascom\/wp-content\/uploads\/2013\/05\/07.04-destaque-Barcelona-249x134.jpeg\" width=\"249\" height=\"134\" srcset=\"https:\/\/www.ufla.br\/dcom\/wp-content\/uploads\/2013\/05\/07.04-destaque-Barcelona-249x134.jpeg 249w, https:\/\/www.ufla.br\/dcom\/wp-content\/uploads\/2013\/05\/07.04-destaque-Barcelona-612x330.jpeg 612w\" sizes=\"auto, (max-width: 249px) 100vw, 249px\" \/><\/a><figcaption id=\"caption-attachment-22628\" class=\"wp-caption-text\">Equipe do Laborat\u00f3rio de Bioqu\u00edmica e Biologia Molecular da Faculdade de Farm\u00e1cia da Universidade de Barcelona<\/figcaption><\/figure>\n<p>Os estudantes da Universidade Federal de Lavras (UFLA) t\u00eam se destacado nos interc\u00e2mbios do Programa Ci\u00eancia sem Fronteiras. Recentemente, a estudante Isadora Marques Paiva, do 9\u00ba per\u00edodo de Ci\u00eancias Biol\u00f3gicas da UFLA, recebeu nota m\u00e1xima, al\u00e9m de elogios da banca examinadora, durante a apresenta\u00e7\u00e3o do trabalho final na Faculdade de Farm\u00e1cia da Universidade de Barcelona.<\/p>\n<p>Durante o ano de interc\u00e2mbio, a estudante trabalhou em dois importantes projetos de pesquisa desenvolvidos no Laborat\u00f3rio de Bioqu\u00edmica e Biologia Molecular, tendo como objetivo estudar a atua\u00e7\u00e3o da enzima alanina aminotransferase no metabolismo humano e de peixes. A transcri\u00e7\u00e3o do DNA dessa enzima ajuda a compreender o processo de transforma\u00e7\u00e3o de metab\u00f3litos intermedi\u00e1rios em glicose e, com consequ\u00eancia, contribui para a descoberta de potenciais f\u00e1rmacos para doen\u00e7as como a diabetes.<\/p>\n<p>O desempenho da estudante no trabalho de pesquisa e tamb\u00e9m a sua intera\u00e7\u00e3o com o grupo motivou a professora de Bioqu\u00edmica e Biologia Molecular Isabel V\u00e1zquez Baanante, orientadora na Espanha, a enviar mensagem ao orientador no Brasil, professor David Solis Murgas, do Departamento de Zootecnia (DZO\/UFLA), com elogios e com um convite para que a estudante fa\u00e7a outra etapa de forma\u00e7\u00e3o na Universidade e para que o estudo tenha como resultado uma publica\u00e7\u00e3o conjunta entre os pesquisadores.<\/p>\n<figure id=\"attachment_22629\" aria-describedby=\"caption-attachment-22629\" style=\"width: 186px\" class=\"wp-caption alignright\"><a href=\"http:\/\/www.ufla.br\/ascom\/wp-content\/uploads\/2013\/05\/07.04-destaque-barcelona-2.jpg\"><img loading=\"lazy\" decoding=\"async\" class=\"size-medium wp-image-22629\" alt=\"Isadora Paiva: sentimento de dever cumprido\" src=\"http:\/\/www.ufla.br\/ascom\/wp-content\/uploads\/2013\/05\/07.04-destaque-barcelona-2-186x249.jpg\" width=\"186\" height=\"249\" srcset=\"https:\/\/www.ufla.br\/dcom\/wp-content\/uploads\/2013\/05\/07.04-destaque-barcelona-2-186x249.jpg 186w, https:\/\/www.ufla.br\/dcom\/wp-content\/uploads\/2013\/05\/07.04-destaque-barcelona-2-612x816.jpg 612w\" sizes=\"auto, (max-width: 186px) 100vw, 186px\" \/><\/a><figcaption id=\"caption-attachment-22629\" class=\"wp-caption-text\">Isadora Paiva: sentimento de dever cumprido<\/figcaption><\/figure>\n<p><b><i>Determina\u00e7\u00e3o, curiosidade e esp\u00edrito de equipe<\/i><\/b><\/p>\n<p>Um ano antes de ir para Barcelona, Isadora ficou tr\u00eas meses morando na Ucr\u00e2nia, em Dnipropetrovsk, em interc\u00e2mbio volunt\u00e1rio, onde apresentava a cultura brasileira a estudantes de escolas p\u00fablicas. Depois disso, ela teve a certeza de que n\u00e3o podia parar por a\u00ed, s\u00f3 n\u00e3o imaginava que seria t\u00e3o r\u00e1pido.<\/p>\n<p>J\u00e1 em Barcelona, no CsF, a estudante enfrentou dificuldades como todo intercambista. Teve que aprender duas l\u00ednguas, castelhano e catal\u00e3o, al\u00e9m da nova rotina no Laborat\u00f3rio de Bioqu\u00edmica e Biologia Molecular da Faculdade de Farm\u00e1cia da Universidade de Barcelona. \u201cN\u00e3o foi f\u00e1cil, novas t\u00e9cnicas, colegas de diversas nacionalidades, regras e todo o tempo que estive l\u00e1 fui tratada como uma aluna de p\u00f3s-gradua\u00e7\u00e3o; ent\u00e3o as cobran\u00e7as eram muito maiores\u201d, comenta.<\/p>\n<p>O resultado foi uma dedica\u00e7\u00e3o ainda maior, tendo participado tamb\u00e9m da Associa\u00e7\u00e3o de Pesquisadores e Estudantes Brasileiros na Catalunha (Apec), ajudando na organiza\u00e7\u00e3o de semin\u00e1rios e participando de mesas-redondas e palestras. Ela aproveitou a oportunidade ao m\u00e1ximo e, quando estava prestes a voltar para o Brasil, escutou da orientadora: &#8220;Quando voc\u00ea vai voltar?&#8221;<\/p>\n<p>\u201cViajei bastante, conheci muita gente, fiz muitos amigos, mas tamb\u00e9m trabalhei sete horas por dia durante um ano, busquei os resultados nos experimentos e virei noites sem dormir para conseguir escrever meu trabalho. Depois, a sensa\u00e7\u00e3o total de dever cumprido\u201d, resume a estudante, que j\u00e1 est\u00e1 de volta \u00e0 UFLA.<\/p>\n<p>Para o orientador, professor Murgas, Isadora teve um excelente crescimento profissional durante o interc\u00e2mbio, o que mostra que o Programa Ci\u00eancia sem Fronteiras come\u00e7a a dar frutos. Ele comenta que a estudante j\u00e1 est\u00e1 integrada novamente ao grupo, aplicando e compartilhando o conhecimento adquirido.<\/p>\n<p>&nbsp;<\/p>\n<p>&nbsp;<\/p>\n<p>&nbsp;<\/p>\n<p>&nbsp;<\/p>\n","protected":false},"excerpt":{"rendered":"<p>Os estudantes da Universidade Federal de Lavras (UFLA) t\u00eam se destacado nos interc\u00e2mbios do Programa Ci\u00eancia sem Fronteiras. Recentemente, a estudante Isadora Marques Paiva, do 9\u00ba per\u00edodo de Zootecnia da UFLA (&#8230;)<\/p>\n","protected":false},"author":6,"featured_media":0,"comment_status":"closed","ping_status":"closed","sticky":false,"template":"","format":"standard","meta":{"ngg_post_thumbnail":0,"footnotes":""},"categories":[10],"tags":[490],"class_list":["post-22627","post","type-post","status-publish","format-standard","hentry","category-menores","tag-ciencia-sem-fronteiras"],"_links":{"self":[{"href":"https:\/\/www.ufla.br\/dcom\/wp-json\/wp\/v2\/posts\/22627","targetHints":{"allow":["GET"]}}],"collection":[{"href":"https:\/\/www.ufla.br\/dcom\/wp-json\/wp\/v2\/posts"}],"about":[{"href":"https:\/\/www.ufla.br\/dcom\/wp-json\/wp\/v2\/types\/post"}],"author":[{"embeddable":true,"href":"https:\/\/www.ufla.br\/dcom\/wp-json\/wp\/v2\/users\/6"}],"replies":[{"embeddable":true,"href":"https:\/\/www.ufla.br\/dcom\/wp-json\/wp\/v2\/comments?post=22627"}],"version-history":[{"count":6,"href":"https:\/\/www.ufla.br\/dcom\/wp-json\/wp\/v2\/posts\/22627\/revisions"}],"predecessor-version":[{"id":22786,"href":"https:\/\/www.ufla.br\/dcom\/wp-json\/wp\/v2\/posts\/22627\/revisions\/22786"}],"wp:attachment":[{"href":"https:\/\/www.ufla.br\/dcom\/wp-json\/wp\/v2\/media?parent=22627"}],"wp:term":[{"taxonomy":"category","embeddable":true,"href":"https:\/\/www.ufla.br\/dcom\/wp-json\/wp\/v2\/categories?post=22627"},{"taxonomy":"post_tag","embeddable":true,"href":"https:\/\/www.ufla.br\/dcom\/wp-json\/wp\/v2\/tags?post=22627"}],"curies":[{"name":"wp","href":"https:\/\/api.w.org\/{rel}","templated":true}]}}