{"id":22623,"date":"2013-05-28T09:11:16","date_gmt":"2013-05-28T12:11:16","guid":{"rendered":"http:\/\/www.ufla.br\/ascom\/?p=22623"},"modified":"2013-05-29T12:01:25","modified_gmt":"2013-05-29T15:01:25","slug":"ded-promove-curso-de-introducao-a-libras","status":"publish","type":"post","link":"https:\/\/www.ufla.br\/dcom\/2013\/05\/28\/ded-promove-curso-de-introducao-a-libras\/","title":{"rendered":"DED promove Curso de Introdu\u00e7\u00e3o a Libras"},"content":{"rendered":"<p><a href=\"http:\/\/www.ufla.br\/ascom\/wp-content\/uploads\/2013\/05\/28.05-libras.jpg\"><img loading=\"lazy\" decoding=\"async\" class=\"alignleft size-medium wp-image-22624\" alt=\"28.05 libras\" src=\"http:\/\/www.ufla.br\/ascom\/wp-content\/uploads\/2013\/05\/28.05-libras-249x186.jpg\" width=\"249\" height=\"186\" srcset=\"https:\/\/www.ufla.br\/dcom\/wp-content\/uploads\/2013\/05\/28.05-libras-249x186.jpg 249w, https:\/\/www.ufla.br\/dcom\/wp-content\/uploads\/2013\/05\/28.05-libras.jpg 265w\" sizes=\"auto, (max-width: 249px) 100vw, 249px\" \/><\/a>O Departamento de Educa\u00e7\u00e3o da Universidade Federal de Lavras (DED\/UFLA) est\u00e1 com inscri\u00e7\u00f5es abertas para o Curso de Introdu\u00e7\u00e3o a Libras (L\u00edngua Brasileira de Sinais), destinado a professores e servidores da Universidade. O curso ser\u00e1 ministrado pela professora Fabr\u00edcia Console Meirelles, no anfiteatro do DED, de 4 de junho a 10 de setembro, das 18 \u00e0s 20 horas. O curso tem carga hor\u00e1ria total de 30 horas.<\/p>\n<p>Ser\u00e3o 30 vagas e as inscri\u00e7\u00f5es podem ser realizadas na Secretaria do DED, no per\u00edodo de 28\/5\/13 a 3\/6\/13, das 8h \u00e0s 12h e 14h \u00e0s 18h.<\/p>\n<p>&nbsp;<\/p>\n","protected":false},"excerpt":{"rendered":"<p>O Departamento de Educa\u00e7\u00e3o da Universidade Federal de Lavras (DED\/UFLA) est\u00e1 com inscri\u00e7\u00f5es abertas para o Curso de Introdu\u00e7\u00e3o a Libras (L\u00edngua Brasileira de Sinais), destinado a professores e servidores da Universidade. O curso ser\u00e1 ministrado pela professora Fabr\u00edcia Console Meirelles, no anfiteatro do DED, de 4 de junho a 10 de setembro, das 18 &hellip; <a href=\"https:\/\/www.ufla.br\/dcom\/2013\/05\/28\/ded-promove-curso-de-introducao-a-libras\/\" class=\"more-link\">Continue lendo <span class=\"screen-reader-text\">DED promove Curso de Introdu\u00e7\u00e3o a Libras<\/span> <span class=\"meta-nav\">&rarr;<\/span><\/a><\/p>\n","protected":false},"author":6,"featured_media":0,"comment_status":"closed","ping_status":"closed","sticky":false,"template":"","format":"standard","meta":{"ngg_post_thumbnail":0,"footnotes":""},"categories":[1,10],"tags":[],"class_list":["post-22623","post","type-post","status-publish","format-standard","hentry","category-noticias","category-menores"],"_links":{"self":[{"href":"https:\/\/www.ufla.br\/dcom\/wp-json\/wp\/v2\/posts\/22623","targetHints":{"allow":["GET"]}}],"collection":[{"href":"https:\/\/www.ufla.br\/dcom\/wp-json\/wp\/v2\/posts"}],"about":[{"href":"https:\/\/www.ufla.br\/dcom\/wp-json\/wp\/v2\/types\/post"}],"author":[{"embeddable":true,"href":"https:\/\/www.ufla.br\/dcom\/wp-json\/wp\/v2\/users\/6"}],"replies":[{"embeddable":true,"href":"https:\/\/www.ufla.br\/dcom\/wp-json\/wp\/v2\/comments?post=22623"}],"version-history":[{"count":3,"href":"https:\/\/www.ufla.br\/dcom\/wp-json\/wp\/v2\/posts\/22623\/revisions"}],"predecessor-version":[{"id":22710,"href":"https:\/\/www.ufla.br\/dcom\/wp-json\/wp\/v2\/posts\/22623\/revisions\/22710"}],"wp:attachment":[{"href":"https:\/\/www.ufla.br\/dcom\/wp-json\/wp\/v2\/media?parent=22623"}],"wp:term":[{"taxonomy":"category","embeddable":true,"href":"https:\/\/www.ufla.br\/dcom\/wp-json\/wp\/v2\/categories?post=22623"},{"taxonomy":"post_tag","embeddable":true,"href":"https:\/\/www.ufla.br\/dcom\/wp-json\/wp\/v2\/tags?post=22623"}],"curies":[{"name":"wp","href":"https:\/\/api.w.org\/{rel}","templated":true}]}}