{"id":22523,"date":"2013-05-24T10:56:06","date_gmt":"2013-05-24T13:56:06","guid":{"rendered":"http:\/\/www.ufla.br\/ascom\/?p=22523"},"modified":"2013-05-28T08:12:56","modified_gmt":"2013-05-28T11:12:56","slug":"cria-lavras-conquista-sao-paulo-e-ranking-nacional-da-cbat","status":"publish","type":"post","link":"https:\/\/www.ufla.br\/dcom\/2013\/05\/24\/cria-lavras-conquista-sao-paulo-e-ranking-nacional-da-cbat\/","title":{"rendered":"Cria Lavras conquista S\u00e3o Paulo e ranking nacional da CBAt"},"content":{"rendered":"<figure id=\"attachment_22525\" aria-describedby=\"caption-attachment-22525\" style=\"width: 249px\" class=\"wp-caption alignright\"><a href=\"http:\/\/www.ufla.br\/ascom\/wp-content\/uploads\/2013\/05\/Chrystian-no-salto-triplo.jpg\"><img loading=\"lazy\" decoding=\"async\" class=\"size-medium wp-image-22525\" alt=\"Chrystian, campe\u00e3o no salto triplo\" src=\"http:\/\/www.ufla.br\/ascom\/wp-content\/uploads\/2013\/05\/Chrystian-no-salto-triplo-249x166.jpg\" width=\"249\" height=\"166\" srcset=\"https:\/\/www.ufla.br\/dcom\/wp-content\/uploads\/2013\/05\/Chrystian-no-salto-triplo-249x166.jpg 249w, https:\/\/www.ufla.br\/dcom\/wp-content\/uploads\/2013\/05\/Chrystian-no-salto-triplo-612x408.jpg 612w, https:\/\/www.ufla.br\/dcom\/wp-content\/uploads\/2013\/05\/Chrystian-no-salto-triplo.jpg 640w\" sizes=\"auto, (max-width: 249px) 100vw, 249px\" \/><\/a><figcaption id=\"caption-attachment-22525\" class=\"wp-caption-text\">Chrystian de Paula, campe\u00e3o no salto triplo<\/figcaption><\/figure>\n<p>As crian\u00e7as e jovens do projeto Cria Lavras est\u00e3o dando saltos cada vez mais altos \u2013 literal e metaforicamente: a equipe trouxe sete medalhas do Campeonato de Menores da Federa\u00e7\u00e3o Paulista de Atletismo, disputado em S\u00e3o Paulo nos dias 17 e 18, e tem treze atletas figurando entre os melhores do Pa\u00eds, no ranking da Confedera\u00e7\u00e3o Brasileira de Atletismo (CBAt).<\/p>\n<p>No campeonato paulista, a equipe lavrense conquistou tr\u00eas ouros, duas pratas e tr\u00eas bronzes. Os destaques foram as vit\u00f3rias de Chrystian de Paula (salto triplo) e Althiene Santos (arremesso de peso), que se colocaram, definitivamente, na busca por \u00edndices para o Mundial Sub-18 de Atletismo que ser\u00e1 realizado em Donetsk (Ucr\u00e2nia) neste ano. A terceira vit\u00f3ria veio na prova do heptatlo feminino, com Ingrid Ellen.<\/p>\n<p><b>Ranking Nacional da CBAt<\/b><\/p>\n<p>A Confedera\u00e7\u00e3o Brasileira de Atletismo divulgou o ranking com os melhores atletas por categorias. Lavras aparece com quatro l\u00edderes e 17 posi\u00e7\u00f5es:<\/p>\n<ul>\n<li><b>Sub-16 (mirins)<\/b><\/li>\n<\/ul>\n<p>Kathelyn Naiara \u2013 salto em altura (1\u00aa)<br \/>\nJo\u00e3o Gilberto \u2013 salto em altura (1\u00ba)<\/p>\n<ul>\n<li><b>Sub-18 (menores)<\/b><\/li>\n<\/ul>\n<p>Althiene dos Santos \u2013 arremesso de peso (1\u00ba)<br \/>\nChrystian de Paula \u2013 salto triplo (1\u00ba) e salto em altura (2\u00ba)<br \/>\nPedro de Oliveira \u2013 octatlo (3\u00ba)<br \/>\nIngrid Ellen \u2013 heptatlo (2\u00aa), lan\u00e7amento do dardo (4\u00aa) e salto em altura (4\u00aa)<br \/>\nJenifer Nicole \u2013 salto em altura (2\u00aa) e heptatlo (3\u00aa)<br \/>\nPamela Andr\u00e9 \u2013 salto em dist\u00e2ncia (2\u00aa)<br \/>\nSarah de Paula \u2013 100 m com barreiras (5\u00aa)<\/p>\n<ul>\n<li><b>Sub-20 (juvenis)<\/b><\/li>\n<\/ul>\n<p>Julia Cristina \u2013 salto em altura (2\u00aa)<br \/>\nJenifer Nicole \u2013 salto em altura (5\u00aa)<br \/>\nChrystian de Paula \u2013 salto triplo (6\u00ba)<\/p>\n<ul>\n<li><b>Sub-23<\/b><\/li>\n<\/ul>\n<p>Julia Cristina \u2013 salto em altura (4\u00aa)<\/p>\n<p>&nbsp;<\/p>\n<p><b>Atividades pela regi\u00e3o<\/b><\/p>\n<p><b>Neste s\u00e1bado \u2013<\/b> Em uma a\u00e7\u00e3o das Secretarias de Educa\u00e7\u00e3o e Esporte, Carmo da Cachoeira sediar\u00e1, no dia 25, um dia de atletismo com presen\u00e7a da equipe Cria Lavras. O objetivo \u00e9 a cria\u00e7\u00e3o de um grupo de treinamento e de sele\u00e7\u00e3o de talentos para a participa\u00e7\u00e3o nos Jogos Escolares de Minas Gerais. Trinta atletas lavrenses participar\u00e3o do evento.<\/p>\n<p><b>No \u00faltimo domingo \u2013 <\/b>A Escola Municipal Umbelina Avellar realizou um dia de atletismo com a presen\u00e7a de atletas do Cria Lavras, no dia 19. V\u00e1rios estudantes foram convidados para os treinamentos na UFLA e outros iniciar\u00e3o atividades de atletismo programadas na escola, com a participa\u00e7\u00e3o de estudantes de Educa\u00e7\u00e3o F\u00edsica da UFLA.<\/p>\n<p>&nbsp;<\/p>\n","protected":false},"excerpt":{"rendered":"<p>As crian\u00e7as e jovens do projeto Cria Lavras est\u00e3o dando saltos cada vez mais altos \u2013 literal e metaforicamente: a equipe trouxe sete medalhas do Campeonato de Menores da Federa\u00e7\u00e3o Paulista de Atletismo, disputado em S\u00e3o Paulo nos dias 17 e 18, e tem treze atletas figurando entre os melhores do Pa\u00eds, no ranking da &hellip; <a href=\"https:\/\/www.ufla.br\/dcom\/2013\/05\/24\/cria-lavras-conquista-sao-paulo-e-ranking-nacional-da-cbat\/\" class=\"more-link\">Continue lendo <span class=\"screen-reader-text\">Cria Lavras conquista S\u00e3o Paulo e ranking nacional da CBAt<\/span> <span class=\"meta-nav\">&rarr;<\/span><\/a><\/p>\n","protected":false},"author":8,"featured_media":0,"comment_status":"closed","ping_status":"closed","sticky":false,"template":"","format":"standard","meta":{"ngg_post_thumbnail":0,"footnotes":""},"categories":[1,10],"tags":[],"class_list":["post-22523","post","type-post","status-publish","format-standard","hentry","category-noticias","category-menores"],"_links":{"self":[{"href":"https:\/\/www.ufla.br\/dcom\/wp-json\/wp\/v2\/posts\/22523","targetHints":{"allow":["GET"]}}],"collection":[{"href":"https:\/\/www.ufla.br\/dcom\/wp-json\/wp\/v2\/posts"}],"about":[{"href":"https:\/\/www.ufla.br\/dcom\/wp-json\/wp\/v2\/types\/post"}],"author":[{"embeddable":true,"href":"https:\/\/www.ufla.br\/dcom\/wp-json\/wp\/v2\/users\/8"}],"replies":[{"embeddable":true,"href":"https:\/\/www.ufla.br\/dcom\/wp-json\/wp\/v2\/comments?post=22523"}],"version-history":[{"count":6,"href":"https:\/\/www.ufla.br\/dcom\/wp-json\/wp\/v2\/posts\/22523\/revisions"}],"predecessor-version":[{"id":22532,"href":"https:\/\/www.ufla.br\/dcom\/wp-json\/wp\/v2\/posts\/22523\/revisions\/22532"}],"wp:attachment":[{"href":"https:\/\/www.ufla.br\/dcom\/wp-json\/wp\/v2\/media?parent=22523"}],"wp:term":[{"taxonomy":"category","embeddable":true,"href":"https:\/\/www.ufla.br\/dcom\/wp-json\/wp\/v2\/categories?post=22523"},{"taxonomy":"post_tag","embeddable":true,"href":"https:\/\/www.ufla.br\/dcom\/wp-json\/wp\/v2\/tags?post=22523"}],"curies":[{"name":"wp","href":"https:\/\/api.w.org\/{rel}","templated":true}]}}