{"id":22337,"date":"2013-05-20T10:07:11","date_gmt":"2013-05-20T13:07:11","guid":{"rendered":"http:\/\/www.ufla.br\/ascom\/?p=22337"},"modified":"2013-05-28T08:42:22","modified_gmt":"2013-05-28T11:42:22","slug":"ufla-recebe-inscricao-para-professor-substituto-ate-o-dia-27","status":"publish","type":"post","link":"https:\/\/www.ufla.br\/dcom\/2013\/05\/20\/ufla-recebe-inscricao-para-professor-substituto-ate-o-dia-27\/","title":{"rendered":"UFLA recebe inscri\u00e7\u00e3o para professor substituto at\u00e9 o dia 27"},"content":{"rendered":"<p><a href=\"http:\/\/www.ufla.br\/ascom\/wp-content\/uploads\/2013\/02\/27.02-campus_ufla.jpg\"><img loading=\"lazy\" decoding=\"async\" class=\"alignright size-medium wp-image-19943\" alt=\"SONY DSC\" src=\"http:\/\/www.ufla.br\/ascom\/wp-content\/uploads\/2013\/02\/27.02-campus_ufla-249x166.jpg\" width=\"249\" height=\"166\" srcset=\"https:\/\/www.ufla.br\/dcom\/wp-content\/uploads\/2013\/02\/27.02-campus_ufla-249x166.jpg 249w, https:\/\/www.ufla.br\/dcom\/wp-content\/uploads\/2013\/02\/27.02-campus_ufla.jpg 600w\" sizes=\"auto, (max-width: 249px) 100vw, 249px\" \/><\/a>A Universidade Federal de Lavras (UFLA) deu in\u00edcio \u00e0s inscri\u00e7\u00f5es para sele\u00e7\u00e3o de professor substituto para preencher sete vagas em cada uma das seguintes \u00e1reas do conhecimento: M\u00e1quinas e Mecaniza\u00e7\u00e3o Agr\u00edcola (Departamento de Engenharia \u2013 DEG), Tecnologia de Alimentos de Origem Animal (Departamento Ci\u00eancia dos Alimentos \u2013 DCA), Epidemiologia e Doen\u00e7as Infecciosas dos Animais e Imunologia (Departamento de Medicina Veterin\u00e1ria \u2013 DMV), Ci\u00eancia da Computa\u00e7\u00e3o (Departamento de Ci\u00eancia da Computa\u00e7\u00e3o \u2013 DCC) e Educa\u00e7\u00e3o (Departamento de Educa\u00e7\u00e3o \u2013 DED).<\/p>\n<p>As inscri\u00e7\u00f5es ser\u00e3o realizadas somente via\u00a0<i>Internet<\/i>\u00a0e dever\u00e3o ser efetuadas no site <a href=\"http:\/\/www.dgp.ufla.br\/concurso\/PROF\">www.prgdp.ufla.br\/selecao<\/a>, a partir das 9 horas desta segunda-feira (<b>20)<\/b>, at\u00e9 \u00e0s 18 horas do dia\u00a0<b>27\/5\/13 <\/b>(hor\u00e1rio oficial de Bras\u00edlia).<\/p>\n<p>A taxa de inscri\u00e7\u00e3o \u00e9 de R$ 100,00 e o pagamento dever\u00e1 ser efetuado por meio de boleto banc\u00e1rio emitido no ato da inscri\u00e7\u00e3o, em qualquer ag\u00eancia banc\u00e1ria em seu hor\u00e1rio normal de funcionamento, ou em caixas eletr\u00f4nicos dos respectivos bancos, at\u00e9 \u00e0s 21 horas (hor\u00e1rio oficial de Bras\u00edlia) do dia\u00a0<b>27\/5\/13<\/b>, \u00faltimo dia de inscri\u00e7\u00e3o.<\/p>\n<p>O regime de trabalho \u00e9 de 40 horas semanais e prev\u00ea remunera\u00e7\u00e3o composta de Vencimento B\u00e1sico (R$ 2.714,89) acrescido de Retribui\u00e7\u00e3o por Titula\u00e7\u00e3o \u2013 RT, de acordo com a titula\u00e7\u00e3o apresentada no ato da contrata\u00e7\u00e3o (R$ 835,05 para mestrado e R$ 1.934,76 para doutorado), al\u00e9m da parcela referente ao aux\u00edlio-alimenta\u00e7\u00e3o e ao aux\u00edlio-transporte.<\/p>\n<p>A Pr\u00f3-Reitoria de Gest\u00e3o e Desenvolvimento de Pessoas (PRGDP) divulgar\u00e1 no site\u00a0<span style=\"text-decoration: underline;\"><a href=\"http:\/\/www.prgdp.ufla.br\/selecao\">www.prgdp.ufla.br\/selecao<\/a><\/span>, a partir de 28\/5\/13, a lista de candidatos inscritos.<\/p>\n<p>O processo de sele\u00e7\u00e3o ter\u00e1 prova did\u00e1tica e prova de t\u00edtulos que constar\u00e1 da aprecia\u00e7\u00e3o do curr\u00edculo comprovado do candidato (c\u00f3pias simples), entregue \u00e0 banca examinadora na data e hora marcadas para o sorteio do tema da prova did\u00e1tica.<\/p>\n<p>Outras informa\u00e7\u00f5es poder\u00e3o ser obtidas na Coordenadoria de Sele\u00e7\u00e3o e Desenvolvimento da PRGDP, pelo telefone (35) 3829-1146 ou no site\u00a0<a href=\"http:\/\/www.prgdp.ufla.br\/selecao\">www.prgdp.ufla.br\/\u00ad\u00ad\u00adselecao<\/a>.<\/p>\n<p><a href=\"http:\/\/www.ufla.br\/ascom\/wp-content\/uploads\/2013\/05\/08.05-Edital-10-13-reda%C3%A7%C3%A3o-final-Substitutos.pdf\">Acesse o Edital<\/a><\/p>\n<p>&nbsp;<\/p>\n","protected":false},"excerpt":{"rendered":"<p>A Universidade Federal de Lavras (UFLA) deu in\u00edcio \u00e0s inscri\u00e7\u00f5es para sele\u00e7\u00e3o de professor substituto para preencher sete vagas em cada uma das seguintes \u00e1reas do conhecimento: M\u00e1quinas e Mecaniza\u00e7\u00e3o Agr\u00edcola (&#8230;)<\/p>\n","protected":false},"author":6,"featured_media":0,"comment_status":"closed","ping_status":"closed","sticky":false,"template":"","format":"standard","meta":{"ngg_post_thumbnail":0,"footnotes":""},"categories":[1],"tags":[254],"class_list":["post-22337","post","type-post","status-publish","format-standard","hentry","category-noticias","tag-concurso"],"_links":{"self":[{"href":"https:\/\/www.ufla.br\/dcom\/wp-json\/wp\/v2\/posts\/22337","targetHints":{"allow":["GET"]}}],"collection":[{"href":"https:\/\/www.ufla.br\/dcom\/wp-json\/wp\/v2\/posts"}],"about":[{"href":"https:\/\/www.ufla.br\/dcom\/wp-json\/wp\/v2\/types\/post"}],"author":[{"embeddable":true,"href":"https:\/\/www.ufla.br\/dcom\/wp-json\/wp\/v2\/users\/6"}],"replies":[{"embeddable":true,"href":"https:\/\/www.ufla.br\/dcom\/wp-json\/wp\/v2\/comments?post=22337"}],"version-history":[{"count":3,"href":"https:\/\/www.ufla.br\/dcom\/wp-json\/wp\/v2\/posts\/22337\/revisions"}],"predecessor-version":[{"id":22622,"href":"https:\/\/www.ufla.br\/dcom\/wp-json\/wp\/v2\/posts\/22337\/revisions\/22622"}],"wp:attachment":[{"href":"https:\/\/www.ufla.br\/dcom\/wp-json\/wp\/v2\/media?parent=22337"}],"wp:term":[{"taxonomy":"category","embeddable":true,"href":"https:\/\/www.ufla.br\/dcom\/wp-json\/wp\/v2\/categories?post=22337"},{"taxonomy":"post_tag","embeddable":true,"href":"https:\/\/www.ufla.br\/dcom\/wp-json\/wp\/v2\/tags?post=22337"}],"curies":[{"name":"wp","href":"https:\/\/api.w.org\/{rel}","templated":true}]}}