{"id":22334,"date":"2013-05-20T09:58:42","date_gmt":"2013-05-20T12:58:42","guid":{"rendered":"http:\/\/www.ufla.br\/ascom\/?p=22334"},"modified":"2013-06-03T17:08:41","modified_gmt":"2013-06-03T20:08:41","slug":"iniciado-periodo-de-inscricao-para-o-curso-de-pedagogia-a-distancia","status":"publish","type":"post","link":"https:\/\/www.ufla.br\/dcom\/2013\/05\/20\/iniciado-periodo-de-inscricao-para-o-curso-de-pedagogia-a-distancia\/","title":{"rendered":"Iniciado per\u00edodo de inscri\u00e7\u00e3o para o curso de Pedagogia a dist\u00e2ncia"},"content":{"rendered":"<p><a href=\"http:\/\/www.ufla.br\/ascom\/wp-content\/uploads\/2013\/04\/selecao-249x1731.jpg\"><img loading=\"lazy\" decoding=\"async\" class=\"alignright size-full wp-image-21773\" alt=\"selecao-249x173\" src=\"http:\/\/www.ufla.br\/ascom\/wp-content\/uploads\/2013\/04\/selecao-249x1731.jpg\" width=\"249\" height=\"173\" \/><\/a>Est\u00e3o abertas as inscri\u00e7\u00f5es para o processo seletivo do curso de Pedagogia, modalidade a dist\u00e2ncia, ofertado pela Universidade Federal de Lavras (UFLA). S\u00e3o 250 vagas, distribu\u00eddas em cinco cidades-polo de Minas Gerais (Bambu\u00ed, Cambu\u00ed, Confins, Jaboticatubas e Lavras). Das vagas reservadas para cada cidade-polo, 50% ser\u00e3o destinadas \u00e0 demanda do Plano Nacional de Forma\u00e7\u00e3o de Professores da Educa\u00e7\u00e3o B\u00e1sica (Parfor). As demais vagas ser\u00e3o destinadas \u00e0 Demanda Social (DS), tendo como requisito o certificado de conclus\u00e3o do Ensino M\u00e9dio.<\/p>\n<p>A inscri\u00e7\u00e3o ser\u00e1 feita somente via internet, no endere\u00e7o eletr\u00f4nico\u00a0<a href=\"http:\/\/www.dips.ufla.br\/\">www.dips.ufla.br<\/a>, das 8 horas do dia 20\/5 at\u00e9 as 18 horas de 3\/6\/2013. No ato, o candidato dever\u00e1 indicar o tipo de demanda (Parfor ou Demanda Social), a cidade-polo e o grupo de vagas ao qual deseja concorrer.<\/p>\n<p>Ap\u00f3s o preenchimento dos campos e do question\u00e1rio, o candidato dever\u00e1 gerar e imprimir o requerimento de inscri\u00e7\u00e3o, o boleto banc\u00e1rio e a via do candidato. A inscri\u00e7\u00e3o ser\u00e1 efetivada somente ap\u00f3s a confirma\u00e7\u00e3o do pagamento da taxa de inscri\u00e7\u00e3o, de R$ 50,00. O pagamento deve ser feito at\u00e9 3\/6\/2013.<\/p>\n<p><b>Cotas<\/b>\u00a0\u2013 Ser\u00e3o reservadas 12,5% das vagas, por cidade-polo e categoria, para os candidatos que tenham cursado integralmente o ensino m\u00e9dio em escolas p\u00fablicas.<\/p>\n<p><b>Processo Seletivo<\/b><\/p>\n<p>A sele\u00e7\u00e3o constar\u00e1 de uma prova, classificat\u00f3ria e eliminat\u00f3ria. Aplicada no dia 30\/6\/2013 nas cidades-polo, ter\u00e1 quest\u00f5es de L\u00edngua Portuguesa e Literatura Brasileira, Matem\u00e1tica, Conhecimentos Gerais e Reda\u00e7\u00e3o. O endere\u00e7o do local da prova ser\u00e1 indicado no Comprovante de Inscri\u00e7\u00e3o do Candidato.<\/p>\n<p><b>Sobre o curso<\/b><\/p>\n<p>O curso \u00e9 semipresencial, com atividades obrigat\u00f3rias a serem desenvolvidas nas cidades-polo, em encontros presenciais previamente agendados, inclusive nos fins de semana. O per\u00edodo de integraliza\u00e7\u00e3o do curso \u00e9 de no m\u00ednimo quatro anos.<\/p>\n<p>Para realiza\u00e7\u00e3o do curso, o estudante dever\u00e1 ter acesso \u00e0 Internet e conhecimento b\u00e1sico de inform\u00e1tica que o capacite a elaborar textos, acessar correspond\u00eancia eletr\u00f4nica e interagir,\u00a0<i>on-line<\/i>, com tutores e professores do curso.<\/p>\n<p>Consulte o Edital e o conte\u00fado program\u00e1tico em:\u00a0<a href=\"http:\/\/www.dips.ufla.br\/asp\/EAD\/20132\/\">http:\/\/www.dips.ufla.br\/asp\/EAD\/20132\/<\/a><\/p>\n<p><b>\u00a0<\/b><\/p>\n<p><b>Mais informa\u00e7\u00f5es:<\/b><\/p>\n<p><a href=\"http:\/\/www.cead.ufla.br\/\">http:\/\/www.cead.ufla.br<\/a><\/p>\n<p>E-mail:\u00a0<a href=\"mailto:secretaria@cead.ufla.br\">secretaria@cead.ufla.br<\/a><\/p>\n<p>Telefones: (35) 3829-1035 \/ 1036<\/p>\n<p>&nbsp;<\/p>\n","protected":false},"excerpt":{"rendered":"<p>Est\u00e3o abertas as inscri\u00e7\u00f5es para o processo seletivo do curso de Pedagogia, modalidade a dist\u00e2ncia, ofertado pela Universidade Federal de Lavras (UFLA). S\u00e3o 250 vagas, distribu\u00eddas em cinco cidades-polo (&#8230;)<\/p>\n","protected":false},"author":6,"featured_media":0,"comment_status":"closed","ping_status":"closed","sticky":false,"template":"","format":"standard","meta":{"ngg_post_thumbnail":0,"footnotes":""},"categories":[1],"tags":[],"class_list":["post-22334","post","type-post","status-publish","format-standard","hentry","category-noticias"],"_links":{"self":[{"href":"https:\/\/www.ufla.br\/dcom\/wp-json\/wp\/v2\/posts\/22334","targetHints":{"allow":["GET"]}}],"collection":[{"href":"https:\/\/www.ufla.br\/dcom\/wp-json\/wp\/v2\/posts"}],"about":[{"href":"https:\/\/www.ufla.br\/dcom\/wp-json\/wp\/v2\/types\/post"}],"author":[{"embeddable":true,"href":"https:\/\/www.ufla.br\/dcom\/wp-json\/wp\/v2\/users\/6"}],"replies":[{"embeddable":true,"href":"https:\/\/www.ufla.br\/dcom\/wp-json\/wp\/v2\/comments?post=22334"}],"version-history":[{"count":2,"href":"https:\/\/www.ufla.br\/dcom\/wp-json\/wp\/v2\/posts\/22334\/revisions"}],"predecessor-version":[{"id":22770,"href":"https:\/\/www.ufla.br\/dcom\/wp-json\/wp\/v2\/posts\/22334\/revisions\/22770"}],"wp:attachment":[{"href":"https:\/\/www.ufla.br\/dcom\/wp-json\/wp\/v2\/media?parent=22334"}],"wp:term":[{"taxonomy":"category","embeddable":true,"href":"https:\/\/www.ufla.br\/dcom\/wp-json\/wp\/v2\/categories?post=22334"},{"taxonomy":"post_tag","embeddable":true,"href":"https:\/\/www.ufla.br\/dcom\/wp-json\/wp\/v2\/tags?post=22334"}],"curies":[{"name":"wp","href":"https:\/\/api.w.org\/{rel}","templated":true}]}}