{"id":22322,"date":"2013-05-20T08:34:29","date_gmt":"2013-05-20T11:34:29","guid":{"rendered":"http:\/\/www.ufla.br\/ascom\/?p=22322"},"modified":"2013-05-22T11:16:26","modified_gmt":"2013-05-22T14:16:26","slug":"terra-junior-organiza-campanha-de-arrecadacao-de-agasalhos","status":"publish","type":"post","link":"https:\/\/www.ufla.br\/dcom\/2013\/05\/20\/terra-junior-organiza-campanha-de-arrecadacao-de-agasalhos\/","title":{"rendered":"Terra J\u00fanior organiza campanha de arrecada\u00e7\u00e3o de agasalhos"},"content":{"rendered":"<p><a href=\"http:\/\/www.ufla.br\/ascom\/wp-content\/uploads\/2013\/05\/agasalho.jpg\"><img loading=\"lazy\" decoding=\"async\" class=\"alignleft size-medium wp-image-22324\" alt=\"agasalho\" src=\"http:\/\/www.ufla.br\/ascom\/wp-content\/uploads\/2013\/05\/agasalho-249x166.jpg\" width=\"249\" height=\"166\" srcset=\"https:\/\/www.ufla.br\/dcom\/wp-content\/uploads\/2013\/05\/agasalho-249x166.jpg 249w, https:\/\/www.ufla.br\/dcom\/wp-content\/uploads\/2013\/05\/agasalho-612x409.jpg 612w, https:\/\/www.ufla.br\/dcom\/wp-content\/uploads\/2013\/05\/agasalho.jpg 831w\" sizes=\"auto, (max-width: 249px) 100vw, 249px\" \/><\/a>Com a aproxima\u00e7\u00e3o do inverno, a Terra J\u00fanior \u2013 Consultoria Agropecu\u00e1ria ir\u00e1 realizar uma campanha de doa\u00e7\u00e3o de agasalhos, chamada: \u201cTerra Solid\u00e1ria: Fa\u00e7a o bem, doe agasalho para algu\u00e9m\u201d. A campanha ocorrer\u00e1 entre os dias 20 de maio e 20 de junho de 2013, tendo como ponto de arrecada\u00e7\u00e3o o Supermercado Rex Shopping. Podem ser doados cobertores, meias, toucas, cal\u00e7as e mantas, entre outros agasalhos.<\/p>\n<p>A Casa do Vov\u00f4 ser\u00e1 a institui\u00e7\u00e3o beneficiada pela campanha, parceria da Terra J\u00fanior, da rede de supermercados e a UFLA.<\/p>\n<p>&nbsp;<\/p>\n<p>Veja v\u00eddeo da TV Universit\u00e1ria sobre a iniciativa:<\/p>\n[youtube]5IDDf56gSkg[\/youtube]\n<p>&nbsp;<\/p>\n","protected":false},"excerpt":{"rendered":"<p>Com a aproxima\u00e7\u00e3o do inverno, a Terra J\u00fanior \u2013 Consultoria Agropecu\u00e1ria ir\u00e1 realizar uma campanha de doa\u00e7\u00e3o de agasalhos, chamada: \u201cTerra Solid\u00e1ria: Fa\u00e7a o bem, doe agasalho para algu\u00e9m\u201d. A campanha ocorrer\u00e1 entre os dias 20 de maio e 20 de junho de 2013, tendo como ponto de arrecada\u00e7\u00e3o o Supermercado Rex Shopping. Podem ser &hellip; <a href=\"https:\/\/www.ufla.br\/dcom\/2013\/05\/20\/terra-junior-organiza-campanha-de-arrecadacao-de-agasalhos\/\" class=\"more-link\">Continue lendo <span class=\"screen-reader-text\">Terra J\u00fanior organiza campanha de arrecada\u00e7\u00e3o de agasalhos<\/span> <span class=\"meta-nav\">&rarr;<\/span><\/a><\/p>\n","protected":false},"author":8,"featured_media":0,"comment_status":"closed","ping_status":"closed","sticky":false,"template":"","format":"standard","meta":{"ngg_post_thumbnail":0,"footnotes":""},"categories":[1,10],"tags":[475],"class_list":["post-22322","post","type-post","status-publish","format-standard","hentry","category-noticias","category-menores","tag-terra-junior"],"_links":{"self":[{"href":"https:\/\/www.ufla.br\/dcom\/wp-json\/wp\/v2\/posts\/22322","targetHints":{"allow":["GET"]}}],"collection":[{"href":"https:\/\/www.ufla.br\/dcom\/wp-json\/wp\/v2\/posts"}],"about":[{"href":"https:\/\/www.ufla.br\/dcom\/wp-json\/wp\/v2\/types\/post"}],"author":[{"embeddable":true,"href":"https:\/\/www.ufla.br\/dcom\/wp-json\/wp\/v2\/users\/8"}],"replies":[{"embeddable":true,"href":"https:\/\/www.ufla.br\/dcom\/wp-json\/wp\/v2\/comments?post=22322"}],"version-history":[{"count":5,"href":"https:\/\/www.ufla.br\/dcom\/wp-json\/wp\/v2\/posts\/22322\/revisions"}],"predecessor-version":[{"id":22329,"href":"https:\/\/www.ufla.br\/dcom\/wp-json\/wp\/v2\/posts\/22322\/revisions\/22329"}],"wp:attachment":[{"href":"https:\/\/www.ufla.br\/dcom\/wp-json\/wp\/v2\/media?parent=22322"}],"wp:term":[{"taxonomy":"category","embeddable":true,"href":"https:\/\/www.ufla.br\/dcom\/wp-json\/wp\/v2\/categories?post=22322"},{"taxonomy":"post_tag","embeddable":true,"href":"https:\/\/www.ufla.br\/dcom\/wp-json\/wp\/v2\/tags?post=22322"}],"curies":[{"name":"wp","href":"https:\/\/api.w.org\/{rel}","templated":true}]}}