{"id":22292,"date":"2013-05-17T15:04:56","date_gmt":"2013-05-17T18:04:56","guid":{"rendered":"http:\/\/www.ufla.br\/ascom\/?p=22292"},"modified":"2013-05-20T08:27:34","modified_gmt":"2013-05-20T11:27:34","slug":"universidade-aberta-desta-sexta-feira-mostra-a-rotina-de-uma-calouro-na-ufla","status":"publish","type":"post","link":"https:\/\/www.ufla.br\/dcom\/2013\/05\/17\/universidade-aberta-desta-sexta-feira-mostra-a-rotina-de-uma-calouro-na-ufla\/","title":{"rendered":"Universidade Aberta desta sexta-feira mostra a rotina de um calouro na UFLA"},"content":{"rendered":"<p><a href=\"http:\/\/www.ufla.br\/ascom\/wp-content\/uploads\/2013\/05\/tvu.jpg\"><img loading=\"lazy\" decoding=\"async\" class=\"alignleft size-medium wp-image-22295\" alt=\"tvu\" src=\"http:\/\/www.ufla.br\/ascom\/wp-content\/uploads\/2013\/05\/tvu-249x164.jpg\" width=\"249\" height=\"164\" srcset=\"https:\/\/www.ufla.br\/dcom\/wp-content\/uploads\/2013\/05\/tvu-249x164.jpg 249w, https:\/\/www.ufla.br\/dcom\/wp-content\/uploads\/2013\/05\/tvu-612x403.jpg 612w, https:\/\/www.ufla.br\/dcom\/wp-content\/uploads\/2013\/05\/tvu.jpg 1093w\" sizes=\"auto, (max-width: 249px) 100vw, 249px\" \/><\/a>Nesta sexta-feira (17), o programa Universidade Aberta da TV Universit\u00e1ria (TVU) traz uma reportagem sobre a rotina de calouro na Universidade Federal de Lavras (UFLA). A equipe da TV Universit\u00e1ria acompanhou o dia a dia de um calouro no c\u00e2mpus da UFLA e vai mostrar os desafios e descobertas deste per\u00edodo de adapta\u00e7\u00e3o. O Programa tamb\u00e9m traz reportagem sobre a visita do professor da Universidade da\u00a0Calif\u00f3rnia Wouter van Doorn, que marcou as atividades do programa de P\u00f3s-Gradua\u00e7\u00e3o em Fitotecnia da UFLA. O programa destaca ainda o projeto da horta comunit\u00e1ria da Cohab, que promove sa\u00fade e bem-estar social para os moradores do bairro.<\/p>\n<p>O programa vai ao ar \u00e0s 19 horas.<\/p>\n<p>&nbsp;<\/p>\n<p>&nbsp;<\/p>\n","protected":false},"excerpt":{"rendered":"<p>Nesta sexta-feira (17), o programa Universidade Aberta da TV Universit\u00e1ria (TVU) traz uma reportagem sobre a rotina de calouro na Universidade Federal de Lavras (UFLA). A equipe da TV Universit\u00e1ria acompanhou o dia a dia de um calouro no c\u00e2mpus da UFLA e vai mostrar os desafios e descobertas deste per\u00edodo de adapta\u00e7\u00e3o. O Programa &hellip; <a href=\"https:\/\/www.ufla.br\/dcom\/2013\/05\/17\/universidade-aberta-desta-sexta-feira-mostra-a-rotina-de-uma-calouro-na-ufla\/\" class=\"more-link\">Continue lendo <span class=\"screen-reader-text\">Universidade Aberta desta sexta-feira mostra a rotina de um calouro na UFLA<\/span> <span class=\"meta-nav\">&rarr;<\/span><\/a><\/p>\n","protected":false},"author":6,"featured_media":0,"comment_status":"closed","ping_status":"closed","sticky":false,"template":"","format":"standard","meta":{"ngg_post_thumbnail":0,"footnotes":""},"categories":[1],"tags":[],"class_list":["post-22292","post","type-post","status-publish","format-standard","hentry","category-noticias"],"_links":{"self":[{"href":"https:\/\/www.ufla.br\/dcom\/wp-json\/wp\/v2\/posts\/22292","targetHints":{"allow":["GET"]}}],"collection":[{"href":"https:\/\/www.ufla.br\/dcom\/wp-json\/wp\/v2\/posts"}],"about":[{"href":"https:\/\/www.ufla.br\/dcom\/wp-json\/wp\/v2\/types\/post"}],"author":[{"embeddable":true,"href":"https:\/\/www.ufla.br\/dcom\/wp-json\/wp\/v2\/users\/6"}],"replies":[{"embeddable":true,"href":"https:\/\/www.ufla.br\/dcom\/wp-json\/wp\/v2\/comments?post=22292"}],"version-history":[{"count":8,"href":"https:\/\/www.ufla.br\/dcom\/wp-json\/wp\/v2\/posts\/22292\/revisions"}],"predecessor-version":[{"id":22298,"href":"https:\/\/www.ufla.br\/dcom\/wp-json\/wp\/v2\/posts\/22292\/revisions\/22298"}],"wp:attachment":[{"href":"https:\/\/www.ufla.br\/dcom\/wp-json\/wp\/v2\/media?parent=22292"}],"wp:term":[{"taxonomy":"category","embeddable":true,"href":"https:\/\/www.ufla.br\/dcom\/wp-json\/wp\/v2\/categories?post=22292"},{"taxonomy":"post_tag","embeddable":true,"href":"https:\/\/www.ufla.br\/dcom\/wp-json\/wp\/v2\/tags?post=22292"}],"curies":[{"name":"wp","href":"https:\/\/api.w.org\/{rel}","templated":true}]}}