{"id":2162,"date":"2009-06-10T10:16:00","date_gmt":"2009-06-10T10:16:00","guid":{"rendered":"http:\/\/www.ascom.ufla.br\/site\/index.php\/2009\/06\/edital-de-cooperacao-preve-incentivo-para-estudantes\/"},"modified":"2009-06-10T10:16:00","modified_gmt":"2009-06-10T10:16:00","slug":"edital-de-cooperacao-preve-incentivo-para-estudantes","status":"publish","type":"post","link":"https:\/\/www.ufla.br\/dcom\/2009\/06\/10\/edital-de-cooperacao-preve-incentivo-para-estudantes\/","title":{"rendered":"Edital de coopera\u00e7\u00e3o prev\u00ea incentivo para estudantes"},"content":{"rendered":"<div>At&eacute; o dia 31 de julho, est&atilde;o abertas as inscri&ccedil;&otilde;es para o Programa de Estudantes-Conv&ecirc;nio de P&oacute;s-gradua&ccedil;&atilde;o (PEC-PG 2009). O edital &eacute; uma parceria entre o Minist&eacute;rio das Rela&ccedil;&otilde;es Exteriores (MRE), a Coordena&ccedil;&atilde;o de Aperfei&ccedil;oamento de Pessoal de N&iacute;vel Superior (Capes) e o Conselho Nacional de Desenvolvimento Cient&iacute;fico e Tecnol&oacute;gico (CNPq).<\/div>\n<\/p>\n<div>&nbsp;<\/div>\n<\/p>\n<div>O programa visa conceder bolsas de estudo de p&oacute;s-gradua&ccedil;&atilde;o <em>stricto sensu<\/em> (mestrado e doutorado) em institui&ccedil;&otilde;es brasileiras de ensino superior a professores universit&aacute;rios, pesquisadores, profissionais e graduados de pa&iacute;ses em desenvolvimento com os quais o Brasil mant&eacute;m acordo de Coopera&ccedil;&atilde;o Educacional, Cultural ou de Ci&ecirc;ncia e Tecnologia. As atividades iniciam em mar&ccedil;o de 2010.<\/div>\n<\/p>\n<div>&nbsp;<\/div>\n<\/p>\n<div>Os candidatos devem ser cidad&atilde;os dos pa&iacute;ses em desenvolvimento com os quais o Brasil mant&eacute;m acordo de Coopera&ccedil;&atilde;o Educacional, Cultural ou de Ci&ecirc;ncia e Tecnologia. Al&eacute;m disso, n&atilde;o podem possuir visto permanente no Brasil, nem ser cidad&atilde;os brasileiros, ainda que binacionais, ou mesmo ter pai ou m&atilde;e brasileiros. No caso de ter sido bolsista do Programa de Estudantes-Conv&ecirc;nio de Gradua&ccedil;&atilde;o &#8211; PEC-G, deve-se comprovar perman&ecirc;ncia no pa&iacute;s de origem por, pelo menos, dois anos ap&oacute;s a obten&ccedil;&atilde;o do diploma brasileiro.<\/div>\n<\/p>\n<div>&nbsp;<\/div>\n<\/p>\n<div>Mais informa&ccedil;&otilde;es: <a target='_blank' href='http:\/\/www.capes.gov.br\/editais\/abertos\/2756-pec-pg'>http:\/\/www.capes.gov.br\/editais\/abertos\/2756-pec-pg<\/a><\/div>\n","protected":false},"excerpt":{"rendered":"<p>At&eacute; o dia 31 de julho, est&atilde;o abertas as inscri&ccedil;&otilde;es para o Programa de Estudantes-Conv&ecirc;nio de P&oacute;s-gradua&ccedil;&atilde;o (PEC-PG 2009). O edital &eacute; uma parceria entre o Minist&eacute;rio das Rela&ccedil;&otilde;es Exteriores (MRE), a Coordena&ccedil;&atilde;o de Aperfei&ccedil;oamento de Pessoal de N&iacute;vel Superior (Capes) e o Conselho Nacional de Desenvolvimento Cient&iacute;fico e Tecnol&oacute;gico (CNPq). &nbsp; O programa visa &hellip; <a href=\"https:\/\/www.ufla.br\/dcom\/2009\/06\/10\/edital-de-cooperacao-preve-incentivo-para-estudantes\/\" class=\"more-link\">Continue lendo <span class=\"screen-reader-text\">Edital de coopera\u00e7\u00e3o prev\u00ea incentivo para estudantes<\/span> <span class=\"meta-nav\">&rarr;<\/span><\/a><\/p>\n","protected":false},"author":9,"featured_media":0,"comment_status":"open","ping_status":"open","sticky":false,"template":"","format":"standard","meta":{"ngg_post_thumbnail":0,"footnotes":""},"categories":[1],"tags":[],"class_list":["post-2162","post","type-post","status-publish","format-standard","hentry","category-noticias"],"_links":{"self":[{"href":"https:\/\/www.ufla.br\/dcom\/wp-json\/wp\/v2\/posts\/2162","targetHints":{"allow":["GET"]}}],"collection":[{"href":"https:\/\/www.ufla.br\/dcom\/wp-json\/wp\/v2\/posts"}],"about":[{"href":"https:\/\/www.ufla.br\/dcom\/wp-json\/wp\/v2\/types\/post"}],"author":[{"embeddable":true,"href":"https:\/\/www.ufla.br\/dcom\/wp-json\/wp\/v2\/users\/9"}],"replies":[{"embeddable":true,"href":"https:\/\/www.ufla.br\/dcom\/wp-json\/wp\/v2\/comments?post=2162"}],"version-history":[{"count":0,"href":"https:\/\/www.ufla.br\/dcom\/wp-json\/wp\/v2\/posts\/2162\/revisions"}],"wp:attachment":[{"href":"https:\/\/www.ufla.br\/dcom\/wp-json\/wp\/v2\/media?parent=2162"}],"wp:term":[{"taxonomy":"category","embeddable":true,"href":"https:\/\/www.ufla.br\/dcom\/wp-json\/wp\/v2\/categories?post=2162"},{"taxonomy":"post_tag","embeddable":true,"href":"https:\/\/www.ufla.br\/dcom\/wp-json\/wp\/v2\/tags?post=2162"}],"curies":[{"name":"wp","href":"https:\/\/api.w.org\/{rel}","templated":true}]}}