{"id":2149,"date":"2009-06-04T17:31:00","date_gmt":"2009-06-04T17:31:00","guid":{"rendered":"http:\/\/www.ascom.ufla.br\/site\/index.php\/2009\/06\/numero-de-matricula-de-estudantes-sofre-acrescimo\/"},"modified":"2009-06-04T17:31:00","modified_gmt":"2009-06-04T17:31:00","slug":"numero-de-matricula-de-estudantes-sofre-acrescimo","status":"publish","type":"post","link":"https:\/\/www.ufla.br\/dcom\/2009\/06\/04\/numero-de-matricula-de-estudantes-sofre-acrescimo\/","title":{"rendered":"N\u00famero de matr\u00edcula de estudantes sofre acr\u00e9scimo"},"content":{"rendered":"<div align='left'>\n<p>Por conta do grande n&uacute;mero de alunos ingressando na Ufla, a partir da semana que vem mais um d&iacute;gito ser&aacute; acrescentado ao n&uacute;mero de matr&iacute;cula.<\/p>\n<\/p>\n<p>Com isso, a numera&ccedil;&atilde;o das matr&iacute;culas poder&aacute; atingir 9.999 n&uacute;meros e n&atilde;o haver&aacute; duplicidade de matr&iacute;culas entre os alunos da gradua&ccedil;&atilde;o e da p&oacute;s-gradua&ccedil;&atilde;o, atualmente mais de 1000 ingressantes.<\/p>\n<\/p>\n<p>Dessa forma, as matr&iacute;culas de todos os estudantes da Ufla passam a ter nove d&iacute;gitos, sendo que os estudantes da gradua&ccedil;&atilde;o ter&atilde;o o n&uacute;mero 0 acrescentado a sua matr&iacute;cula, sempre na 6&ordf; casa.<\/p>\n<\/p>\n<p>J&aacute; os alunos da p&oacute;s tamb&eacute;m ter&atilde;o o acr&eacute;scimo do 0 &agrave; matr&iacute;cula, mas no caso deles isso ocorrer&aacute; na 7&ordf; casa. Confira os exemplos abaixo.<\/p>\n<\/p>\n<p><strong>Gradua&ccedil;&atilde;o<\/p>\n<p><\/strong>Antes:&nbsp;&nbsp;&nbsp;&nbsp; 20082521<\/p>\n<p>Depois:&nbsp; 20082<font color='#ff0000'><strong>0<\/strong><\/font>521<\/p>\n<\/p>\n<p><strong>P&oacute;s-gradua&ccedil;&atilde;o<\/p>\n<p><\/strong>Antes:&nbsp;&nbsp;&nbsp;&nbsp; 20071634<\/p>\n<p>Depois&nbsp;&nbsp; 200716<strong><font color='#ff0000'>0<\/font><\/strong>34<\/p>\n<\/p>\n<\/div>\n","protected":false},"excerpt":{"rendered":"<p>Por conta do grande n&uacute;mero de alunos ingressando na Ufla, a partir da semana que vem mais um d&iacute;gito ser&aacute; acrescentado ao n&uacute;mero de matr&iacute;cula. Com isso, a numera&ccedil;&atilde;o das matr&iacute;culas poder&aacute; atingir 9.999 n&uacute;meros e n&atilde;o haver&aacute; duplicidade de matr&iacute;culas entre os alunos da gradua&ccedil;&atilde;o e da p&oacute;s-gradua&ccedil;&atilde;o, atualmente mais de 1000 ingressantes. Dessa &hellip; <a href=\"https:\/\/www.ufla.br\/dcom\/2009\/06\/04\/numero-de-matricula-de-estudantes-sofre-acrescimo\/\" class=\"more-link\">Continue lendo <span class=\"screen-reader-text\">N\u00famero de matr\u00edcula de estudantes sofre acr\u00e9scimo<\/span> <span class=\"meta-nav\">&rarr;<\/span><\/a><\/p>\n","protected":false},"author":9,"featured_media":0,"comment_status":"open","ping_status":"open","sticky":false,"template":"","format":"standard","meta":{"ngg_post_thumbnail":0,"footnotes":""},"categories":[1],"tags":[],"class_list":["post-2149","post","type-post","status-publish","format-standard","hentry","category-noticias"],"_links":{"self":[{"href":"https:\/\/www.ufla.br\/dcom\/wp-json\/wp\/v2\/posts\/2149","targetHints":{"allow":["GET"]}}],"collection":[{"href":"https:\/\/www.ufla.br\/dcom\/wp-json\/wp\/v2\/posts"}],"about":[{"href":"https:\/\/www.ufla.br\/dcom\/wp-json\/wp\/v2\/types\/post"}],"author":[{"embeddable":true,"href":"https:\/\/www.ufla.br\/dcom\/wp-json\/wp\/v2\/users\/9"}],"replies":[{"embeddable":true,"href":"https:\/\/www.ufla.br\/dcom\/wp-json\/wp\/v2\/comments?post=2149"}],"version-history":[{"count":0,"href":"https:\/\/www.ufla.br\/dcom\/wp-json\/wp\/v2\/posts\/2149\/revisions"}],"wp:attachment":[{"href":"https:\/\/www.ufla.br\/dcom\/wp-json\/wp\/v2\/media?parent=2149"}],"wp:term":[{"taxonomy":"category","embeddable":true,"href":"https:\/\/www.ufla.br\/dcom\/wp-json\/wp\/v2\/categories?post=2149"},{"taxonomy":"post_tag","embeddable":true,"href":"https:\/\/www.ufla.br\/dcom\/wp-json\/wp\/v2\/tags?post=2149"}],"curies":[{"name":"wp","href":"https:\/\/api.w.org\/{rel}","templated":true}]}}