{"id":21414,"date":"2013-04-19T08:56:33","date_gmt":"2013-04-19T11:56:33","guid":{"rendered":"http:\/\/www.ufla.br\/ascom\/?p=21414"},"modified":"2013-04-22T10:56:46","modified_gmt":"2013-04-22T13:56:46","slug":"universidade-aberta-destaca-o-inicio-das-obras-do-lavrastec-e-a-geracao-de-empregos-na-cidade-e-regiao","status":"publish","type":"post","link":"https:\/\/www.ufla.br\/dcom\/2013\/04\/19\/universidade-aberta-destaca-o-inicio-das-obras-do-lavrastec-e-a-geracao-de-empregos-na-cidade-e-regiao\/","title":{"rendered":"Universidade Aberta destaca o in\u00edcio das obras do Lavrastec e a gera\u00e7\u00e3o de empregos na cidade e regi\u00e3o"},"content":{"rendered":"<p><a href=\"http:\/\/www.ufla.br\/ascom\/wp-content\/uploads\/2013\/03\/tvu.jpg\"><img loading=\"lazy\" decoding=\"async\" class=\"alignleft size-medium wp-image-20223\" alt=\"tvu\" src=\"http:\/\/www.ufla.br\/ascom\/wp-content\/uploads\/2013\/03\/tvu-249x164.jpg\" width=\"249\" height=\"164\" srcset=\"https:\/\/www.ufla.br\/dcom\/wp-content\/uploads\/2013\/03\/tvu-249x164.jpg 249w, https:\/\/www.ufla.br\/dcom\/wp-content\/uploads\/2013\/03\/tvu-612x403.jpg 612w, https:\/\/www.ufla.br\/dcom\/wp-content\/uploads\/2013\/03\/tvu.jpg 1093w\" sizes=\"auto, (max-width: 249px) 100vw, 249px\" \/><\/a>Nesta sexta-feira (19), o programa Universidade Aberta da TV Universit\u00e1ria (TVU) destaca o in\u00edcio das obras do Parque Cient\u00edfico e Tecnol\u00f3gico de Lavras (Lavrastec), que dever\u00e1 gerar empregos diretos e indiretos, al\u00e9m de beneficiar empresas locais. Quando a obra for finalizada, o que est\u00e1 previsto para meados de 2015, a estrutura dever\u00e1 atrair empresas-\u00e2ncoras para a instala\u00e7\u00e3o de centros de pesquisa e desenvolvimento, al\u00e9m de abrigar as empresas j\u00e1 em processo de incuba\u00e7\u00e3o e empresas juniores articuladas na Universidade.<\/p>\n<p>O programa tamb\u00e9m traz reportagem sobre a 26\u00aa edi\u00e7\u00e3o da Feira de Marketing (Femark), organizada por estudantes da disciplina Ger\u00eancia de Promo\u00e7\u00e3o em Vendas (DAE\/UFLA), sob a coordena\u00e7\u00e3o do professor Ricardo Sette.\u00a0Outro destaque ser\u00e1 o II espet\u00e1culo Express\u00e3o, M\u00fasica e Dan\u00e7a, que marcou o encerramento da disciplina Atividades R\u00edtmicas e Expressivas, com a apresenta\u00e7\u00e3o de dez coreografias.<\/p>\n<p>O programa vai ao ar \u00e0s 19 horas, com reapresenta\u00e7\u00e3o no domingo, \u00e0s 9h30.<\/p>\n<p>&nbsp;<\/p>\n","protected":false},"excerpt":{"rendered":"<p>Nesta sexta-feira (19), o programa Universidade Aberta da TV Universit\u00e1ria (TVU) destaca o in\u00edcio das obras do Parque Cient\u00edfico e Tecnol\u00f3gico de Lavras (Lavrastec), que dever\u00e1 gerar empregos diretos e indiretos, al\u00e9m de beneficiar empresas locais. Quando a obra for finalizada, o que est\u00e1 previsto para meados de 2015, a estrutura dever\u00e1 atrair empresas-\u00e2ncoras para &hellip; <a href=\"https:\/\/www.ufla.br\/dcom\/2013\/04\/19\/universidade-aberta-destaca-o-inicio-das-obras-do-lavrastec-e-a-geracao-de-empregos-na-cidade-e-regiao\/\" class=\"more-link\">Continue lendo <span class=\"screen-reader-text\">Universidade Aberta destaca o in\u00edcio das obras do Lavrastec e a gera\u00e7\u00e3o de empregos na cidade e regi\u00e3o<\/span> <span class=\"meta-nav\">&rarr;<\/span><\/a><\/p>\n","protected":false},"author":6,"featured_media":0,"comment_status":"closed","ping_status":"closed","sticky":false,"template":"","format":"standard","meta":{"ngg_post_thumbnail":0,"footnotes":""},"categories":[1],"tags":[],"class_list":["post-21414","post","type-post","status-publish","format-standard","hentry","category-noticias"],"_links":{"self":[{"href":"https:\/\/www.ufla.br\/dcom\/wp-json\/wp\/v2\/posts\/21414","targetHints":{"allow":["GET"]}}],"collection":[{"href":"https:\/\/www.ufla.br\/dcom\/wp-json\/wp\/v2\/posts"}],"about":[{"href":"https:\/\/www.ufla.br\/dcom\/wp-json\/wp\/v2\/types\/post"}],"author":[{"embeddable":true,"href":"https:\/\/www.ufla.br\/dcom\/wp-json\/wp\/v2\/users\/6"}],"replies":[{"embeddable":true,"href":"https:\/\/www.ufla.br\/dcom\/wp-json\/wp\/v2\/comments?post=21414"}],"version-history":[{"count":3,"href":"https:\/\/www.ufla.br\/dcom\/wp-json\/wp\/v2\/posts\/21414\/revisions"}],"predecessor-version":[{"id":21455,"href":"https:\/\/www.ufla.br\/dcom\/wp-json\/wp\/v2\/posts\/21414\/revisions\/21455"}],"wp:attachment":[{"href":"https:\/\/www.ufla.br\/dcom\/wp-json\/wp\/v2\/media?parent=21414"}],"wp:term":[{"taxonomy":"category","embeddable":true,"href":"https:\/\/www.ufla.br\/dcom\/wp-json\/wp\/v2\/categories?post=21414"},{"taxonomy":"post_tag","embeddable":true,"href":"https:\/\/www.ufla.br\/dcom\/wp-json\/wp\/v2\/tags?post=21414"}],"curies":[{"name":"wp","href":"https:\/\/api.w.org\/{rel}","templated":true}]}}