{"id":21031,"date":"2013-04-09T10:53:20","date_gmt":"2013-04-09T12:53:20","guid":{"rendered":"http:\/\/www.ufla.br\/ascom\/?p=21031"},"modified":"2014-11-13T11:41:48","modified_gmt":"2014-11-13T13:41:48","slug":"encontro-sobre-motricidade-humana-foi-realizado-no-final-de-semana-veja-fotos","status":"publish","type":"post","link":"https:\/\/www.ufla.br\/dcom\/2013\/04\/09\/encontro-sobre-motricidade-humana-foi-realizado-no-final-de-semana-veja-fotos\/","title":{"rendered":"Encontro sobre motricidade humana foi realizado no final de semana \u2013 veja fotos"},"content":{"rendered":"<p><a href=\"http:\/\/www.ufla.br\/ascom\/wp-content\/uploads\/2013\/04\/DSC08635.jpg\"><img loading=\"lazy\" decoding=\"async\" class=\"alignleft size-medium wp-image-21033\" alt=\"\" src=\"http:\/\/www.ufla.br\/ascom\/wp-content\/uploads\/2013\/04\/DSC08635-249x166.jpg\" width=\"249\" height=\"166\" srcset=\"https:\/\/www.ufla.br\/dcom\/wp-content\/uploads\/2013\/04\/DSC08635-249x166.jpg 249w, https:\/\/www.ufla.br\/dcom\/wp-content\/uploads\/2013\/04\/DSC08635-612x409.jpg 612w, https:\/\/www.ufla.br\/dcom\/wp-content\/uploads\/2013\/04\/DSC08635.jpg 800w\" sizes=\"auto, (max-width: 249px) 100vw, 249px\" \/><\/a>A UFLA sediou, nesse final de semana, o II Encontro Sul-Mineiro de Estudos do Movimento Humano, no Sal\u00e3o de Conven\u00e7\u00f5es. Nomes de grande relev\u00e2ncia no estudo da motricidade, professores, atletas e ex-atletas compartilharam suas experi\u00eancias no evento, com a tem\u00e1tica: \u201cDimens\u00f5es biol\u00f3gicas e metodol\u00f3gicas do treinamento esportivo\u201d. As palestras, mesas-redondas e cursos abrangeram a inicia\u00e7\u00e3o ao esporte e o treinamento, e ainda aspectos de \u00e1reas como Nutri\u00e7\u00e3o e Fisioterapia.<\/p>\n<p>O encontro, realizado de 5 a 7 de abril, foi organizado pelo N\u00facleo de Estudos em Prescri\u00e7\u00e3o de Exerc\u00edcios F\u00edsicos (Nepef).<\/p>\n<p>Veja galeria de fotos. Clique na primeira foto e siga a seta para abrir as demais em tamanho expandido.<\/p>\nngg_shortcode_0_placeholder\n<p>&nbsp;<\/p>\n","protected":false},"excerpt":{"rendered":"<p>A UFLA sediou, nesse final de semana, o II Encontro Sul-Mineiro de Estudos do Movimento Humano, no Sal\u00e3o de Conven\u00e7\u00f5es. Nomes de grande relev\u00e2ncia no estudo da motricidade, professores, atletas e ex-atletas compartilharam suas experi\u00eancias no evento, com a tem\u00e1tica: \u201cDimens\u00f5es biol\u00f3gicas e metodol\u00f3gicas do treinamento esportivo\u201d. As palestras, mesas-redondas e cursos abrangeram a inicia\u00e7\u00e3o &hellip; <a href=\"https:\/\/www.ufla.br\/dcom\/2013\/04\/09\/encontro-sobre-motricidade-humana-foi-realizado-no-final-de-semana-veja-fotos\/\" class=\"more-link\">Continue lendo <span class=\"screen-reader-text\">Encontro sobre motricidade humana foi realizado no final de semana \u2013 veja fotos<\/span> <span class=\"meta-nav\">&rarr;<\/span><\/a><\/p>\n","protected":false},"author":8,"featured_media":0,"comment_status":"closed","ping_status":"closed","sticky":false,"template":"","format":"standard","meta":{"ngg_post_thumbnail":0,"footnotes":""},"categories":[1],"tags":[365],"class_list":["post-21031","post","type-post","status-publish","format-standard","hentry","category-noticias","tag-educacao-fisica"],"_links":{"self":[{"href":"https:\/\/www.ufla.br\/dcom\/wp-json\/wp\/v2\/posts\/21031","targetHints":{"allow":["GET"]}}],"collection":[{"href":"https:\/\/www.ufla.br\/dcom\/wp-json\/wp\/v2\/posts"}],"about":[{"href":"https:\/\/www.ufla.br\/dcom\/wp-json\/wp\/v2\/types\/post"}],"author":[{"embeddable":true,"href":"https:\/\/www.ufla.br\/dcom\/wp-json\/wp\/v2\/users\/8"}],"replies":[{"embeddable":true,"href":"https:\/\/www.ufla.br\/dcom\/wp-json\/wp\/v2\/comments?post=21031"}],"version-history":[{"count":6,"href":"https:\/\/www.ufla.br\/dcom\/wp-json\/wp\/v2\/posts\/21031\/revisions"}],"predecessor-version":[{"id":21043,"href":"https:\/\/www.ufla.br\/dcom\/wp-json\/wp\/v2\/posts\/21031\/revisions\/21043"}],"wp:attachment":[{"href":"https:\/\/www.ufla.br\/dcom\/wp-json\/wp\/v2\/media?parent=21031"}],"wp:term":[{"taxonomy":"category","embeddable":true,"href":"https:\/\/www.ufla.br\/dcom\/wp-json\/wp\/v2\/categories?post=21031"},{"taxonomy":"post_tag","embeddable":true,"href":"https:\/\/www.ufla.br\/dcom\/wp-json\/wp\/v2\/tags?post=21031"}],"curies":[{"name":"wp","href":"https:\/\/api.w.org\/{rel}","templated":true}]}}