{"id":20921,"date":"2013-04-09T16:30:31","date_gmt":"2013-04-09T19:30:31","guid":{"rendered":"http:\/\/www.ufla.br\/ascom\/?p=20921"},"modified":"2013-04-11T10:54:44","modified_gmt":"2013-04-11T13:54:44","slug":"inovacao-e-tema-de-workshop-na-ufla-no-dia-11","status":"publish","type":"post","link":"https:\/\/www.ufla.br\/dcom\/2013\/04\/09\/inovacao-e-tema-de-workshop-na-ufla-no-dia-11\/","title":{"rendered":"Inova\u00e7\u00e3o \u00e9 tema de workshop na UFLA, no dia 11 de abril"},"content":{"rendered":"<p><img loading=\"lazy\" decoding=\"async\" class=\"alignleft size-full wp-image-6664\" alt=\"\" src=\"http:\/\/www.ufla.br\/ascom\/wp-content\/uploads\/2011\/10\/18.10-gerei.jpg\" width=\"219\" height=\"150\" \/>Representantes das empresas Tbit (participante do programa de incuba\u00e7\u00e3o da Incubadora de Empresas de Base Tecnol\u00f3gica da UFLA &#8211; Inbatec) e da Fiat apresentar\u00e3o casos de inova\u00e7\u00e3o em um workshop, que ser\u00e1 ministrado na Universidade na pr\u00f3xima quinta-feira (11). O evento ser\u00e1 realizado no Anfiteatro do Bloco 3 do Departamento de Administra\u00e7\u00e3o (DAE), \u00e0s 13 horas.<\/p>\n<p>As inscri\u00e7\u00f5es podem ser feitas at\u00e9 o dia 10 no site de eventos da Pr\u00f3-Reitoria de Extens\u00e3o e Cultura (Proec): <a href=\"http:\/\/www.eventos.proec.ufla.br\/\">www.eventos.proec.ufla.br<\/a>. O valor da inscri\u00e7\u00e3o \u00e9 de R$ 5,00, que devem ser pagos no credenciamento.<\/p>\n<p>O workshop \u00e9 realizado pelo Grupo de Estudos em Redes, Estrat\u00e9gia e Inova\u00e7\u00e3o (<a href=\"http:\/\/www.nucleoestudo.ufla.br\/gerei\">Gerei<\/a>), com o apoio da Funda\u00e7\u00e3o de Amparo \u00e0 Pesquisa do Estado de Minas Gerais\u00a0(<a href=\"http:\/\/www.fapemig.br\/\">Fapemig<\/a>), DAE e Programa de P\u00f3s-Gradua\u00e7\u00e3o em Administra\u00e7\u00e3o.<\/p>\n<p>&nbsp;<\/p>\n","protected":false},"excerpt":{"rendered":"<p>Representantes das empresas Tbit (participante do programa de incuba\u00e7\u00e3o da Incubadora de Empresas de Base Tecnol\u00f3gica da UFLA &#8211; Inbatec) e da Fiat apresentar\u00e3o casos de inova\u00e7\u00e3o em um workshop, que ser\u00e1 ministrado na Universidade na pr\u00f3xima quinta-feira (11). O evento ser\u00e1 realizado no Anfiteatro do Bloco 3 do Departamento de Administra\u00e7\u00e3o (DAE), \u00e0s 13 &hellip; <a href=\"https:\/\/www.ufla.br\/dcom\/2013\/04\/09\/inovacao-e-tema-de-workshop-na-ufla-no-dia-11\/\" class=\"more-link\">Continue lendo <span class=\"screen-reader-text\">Inova\u00e7\u00e3o \u00e9 tema de workshop na UFLA, no dia 11 de abril<\/span> <span class=\"meta-nav\">&rarr;<\/span><\/a><\/p>\n","protected":false},"author":8,"featured_media":0,"comment_status":"closed","ping_status":"closed","sticky":false,"template":"","format":"standard","meta":{"ngg_post_thumbnail":0,"footnotes":""},"categories":[1,10],"tags":[170],"class_list":["post-20921","post","type-post","status-publish","format-standard","hentry","category-noticias","category-menores","tag-inovacao-2"],"_links":{"self":[{"href":"https:\/\/www.ufla.br\/dcom\/wp-json\/wp\/v2\/posts\/20921","targetHints":{"allow":["GET"]}}],"collection":[{"href":"https:\/\/www.ufla.br\/dcom\/wp-json\/wp\/v2\/posts"}],"about":[{"href":"https:\/\/www.ufla.br\/dcom\/wp-json\/wp\/v2\/types\/post"}],"author":[{"embeddable":true,"href":"https:\/\/www.ufla.br\/dcom\/wp-json\/wp\/v2\/users\/8"}],"replies":[{"embeddable":true,"href":"https:\/\/www.ufla.br\/dcom\/wp-json\/wp\/v2\/comments?post=20921"}],"version-history":[{"count":8,"href":"https:\/\/www.ufla.br\/dcom\/wp-json\/wp\/v2\/posts\/20921\/revisions"}],"predecessor-version":[{"id":20924,"href":"https:\/\/www.ufla.br\/dcom\/wp-json\/wp\/v2\/posts\/20921\/revisions\/20924"}],"wp:attachment":[{"href":"https:\/\/www.ufla.br\/dcom\/wp-json\/wp\/v2\/media?parent=20921"}],"wp:term":[{"taxonomy":"category","embeddable":true,"href":"https:\/\/www.ufla.br\/dcom\/wp-json\/wp\/v2\/categories?post=20921"},{"taxonomy":"post_tag","embeddable":true,"href":"https:\/\/www.ufla.br\/dcom\/wp-json\/wp\/v2\/tags?post=20921"}],"curies":[{"name":"wp","href":"https:\/\/api.w.org\/{rel}","templated":true}]}}