{"id":20702,"date":"2013-03-25T11:25:13","date_gmt":"2013-03-25T14:25:13","guid":{"rendered":"http:\/\/www.ufla.br\/ascom\/?p=20702"},"modified":"2013-03-27T11:47:45","modified_gmt":"2013-03-27T14:47:45","slug":"coordenado-pela-ufla-1o-moto-vida-de-lavras-vai-debater-transito-seguro","status":"publish","type":"post","link":"https:\/\/www.ufla.br\/dcom\/2013\/03\/25\/coordenado-pela-ufla-1o-moto-vida-de-lavras-vai-debater-transito-seguro\/","title":{"rendered":"Coordenado pela UFLA, 1\u00ba Moto VIDA de Lavras vai debater tr\u00e2nsito seguro"},"content":{"rendered":"<p><a href=\"http:\/\/www.ufla.br\/ascom\/wp-content\/uploads\/2013\/03\/25.03-motovida.jpg\"><img loading=\"lazy\" decoding=\"async\" class=\"alignright size-medium wp-image-20703\" alt=\"25.03 motovida\" src=\"http:\/\/www.ufla.br\/ascom\/wp-content\/uploads\/2013\/03\/25.03-motovida-249x149.jpg\" width=\"249\" height=\"149\" srcset=\"https:\/\/www.ufla.br\/dcom\/wp-content\/uploads\/2013\/03\/25.03-motovida-249x149.jpg 249w, https:\/\/www.ufla.br\/dcom\/wp-content\/uploads\/2013\/03\/25.03-motovida.jpg 276w\" sizes=\"auto, (max-width: 249px) 100vw, 249px\" \/><\/a>Diante do constante crescimento populacional da cidade de Lavras e do consequente aumento da frota e fluxo de ve\u00edculos, o projeto Duas Rodas e Muitas Vidas, da Universidade Federal de Lavras (UFLA), realiza o 1\u00ba Moto Vida de Lavras, nos dias 28 e 29 de mar\u00e7o (quinta e sexta-feira). A programa\u00e7\u00e3o inclui a realiza\u00e7\u00e3o de mesa-redonda e palestra educativa no Sal\u00e3o de Conven\u00e7\u00f5es da Universidade e, na sexta-feira (29), haver\u00e1 uma motociata pelas principais ruas de Lavras.<\/p>\n<p>A a\u00e7\u00e3o educativa tem o objetivo de somar for\u00e7as com \u00f3rg\u00e3os e entidades do governo e sociedade civil a fim de diminuir o n\u00famero de acidentes, conscientizando os motociclistas sobre pilotagem defensiva e tr\u00e2nsito seguro.<\/p>\n<p>O 1\u00ba Moto Vida de Lavras \u00e9 organizado pela equipe do projeto Duas Rodas e Muitas Vidas, coordenado pelo professor do Departamento de Administra\u00e7\u00e3o e Economia (DAE\/UFLA), Elias Rodrigues de Oliveira. O evento tem o apoio da \u00a0Prefeitura Municipal de Lavras, Secretaria Municipal de Defesa Social e Tr\u00e2nsito (Sumtrans), 8\u00ba Batalh\u00e3o de Pol\u00edcia Militar (PMMG &#8211; 6\u00aa Cia Ind. MAT; 54\u00aa Cia PM), 5\u00ba Pelot\u00e3o Bombeiro Militar de Lavras, Tiro de Guerra de Lavras e da Revista Motonline. \u00a0<b>\u00a0<\/b><\/p>\n<p><b>Programa\u00e7\u00e3o<\/b><\/p>\n<p><b>Dia 28\/03 (Quinta-feira)<\/b><\/p>\n<p><b>18h45 \u2013 Abertura (<\/b>Mesa redonda)<\/p>\n<ul>\n<li>Tema: <b>Tr\u00e2nsito Seguro: motociclista e pilotagem defensiva<\/b><\/li>\n<\/ul>\n<p>Com representantes da Pol\u00edcia Militar de Minas Gerais (PMMG), do Corpo de Bombeiros (CBMG), do Servi\u00e7o Municipal de Tr\u00e2nsito (SUMTRANS), da Universidade Federal de Lavras (UFLA) e da Revista Motonline.<\/p>\n<p><b>Local<\/b>: Sal\u00e3o de Conven\u00e7\u00f5es da UFLA<\/p>\n<p><b>20 horas \u2013 Palestra<\/b><\/p>\n<ul>\n<li>Tema: <b>Pilotagem Defensiva &#8211;<\/b>\u00a0Palestrante: Instrutor Amaral (S\u00e3o Paulo)<\/li>\n<\/ul>\n<p><b>Local<\/b>: Sal\u00e3o de Conven\u00e7\u00f5es da UFLA<\/p>\n<p><b>Dia 29\/03 (Sexta-feira)<\/b><\/p>\n<p><b>10 horas \u2013 Motociata<\/b><\/p>\n<ul>\n<li>Ponto de partida: Campus hist\u00f3rico da UFLA<\/li>\n<li>Percurso: principais ruas centrais de Lavras<\/li>\n<li>Ponto de chegada: Pra\u00e7a Dr. Augusto Silva<\/li>\n<\/ul>\n<p><b>Estat\u00edsticas<\/b><\/p>\n<ul>\n<li>Acidentes de tr\u00e2nsito causam mais de 40 mil mortes no Brasil por ano<\/li>\n<li>A cada 100 acidentes com motos no Brasil, h\u00e1 71 com vitimas;<\/li>\n<li>Acidentes de moto s\u00e3o causadores de 42% dos casos de paraplegia e tetraplegia;<\/li>\n<li>Em 2010, 40.610 pessoas foram v\u00edtimas fatais de acidentes de tr\u00e2nsito, sendo que 25% delas, por ocorr\u00eancias com motocicletas.<\/li>\n<li>O Brasil\u00a0\u00e9 o segundo pa\u00eds do mundo em v\u00edtimas fatais em acidentes envolvendo moto. S\u00e3o 7,1 \u00f3bitos para cada grupo de 100 mil habitantes, perdendo somente para o Paraguai, com 7,5 mortes;<\/li>\n<li>Em 2010, foram contabilizadas 145 mil interna\u00e7\u00f5es no SUS causadas por acidentes, 15% a mais do que em 2009. Isso representou um investimento de R$ 190 milh\u00f5es s\u00f3 em procedimentos espec\u00edficos no Sistema \u00danico de Sa\u00fade (SUS).<\/li>\n<\/ul>\n<p>Fontes: Minist\u00e9rio da Sa\u00fade, DNIT, AACD.<\/p>\n<p>&nbsp;<\/p>\n","protected":false},"excerpt":{"rendered":"<p>Diante do constante crescimento populacional da cidade de Lavras e do consequente aumento da frota e fluxo de ve\u00edculos, o projeto Duas Rodas e Muitas Vidas, da Universidade Federal de Lavras (UFLA), realiza o 1\u00ba Moto Vida de Lavras, nos dias 28 e 29 de mar\u00e7o (quinta e sexta-feira). A programa\u00e7\u00e3o inclui a realiza\u00e7\u00e3o de &hellip; <a href=\"https:\/\/www.ufla.br\/dcom\/2013\/03\/25\/coordenado-pela-ufla-1o-moto-vida-de-lavras-vai-debater-transito-seguro\/\" class=\"more-link\">Continue lendo <span class=\"screen-reader-text\">Coordenado pela UFLA, 1\u00ba Moto VIDA de Lavras vai debater tr\u00e2nsito seguro<\/span> <span class=\"meta-nav\">&rarr;<\/span><\/a><\/p>\n","protected":false},"author":6,"featured_media":0,"comment_status":"closed","ping_status":"closed","sticky":false,"template":"","format":"standard","meta":{"ngg_post_thumbnail":0,"footnotes":""},"categories":[1,10],"tags":[460],"class_list":["post-20702","post","type-post","status-publish","format-standard","hentry","category-noticias","category-menores","tag-transito"],"_links":{"self":[{"href":"https:\/\/www.ufla.br\/dcom\/wp-json\/wp\/v2\/posts\/20702","targetHints":{"allow":["GET"]}}],"collection":[{"href":"https:\/\/www.ufla.br\/dcom\/wp-json\/wp\/v2\/posts"}],"about":[{"href":"https:\/\/www.ufla.br\/dcom\/wp-json\/wp\/v2\/types\/post"}],"author":[{"embeddable":true,"href":"https:\/\/www.ufla.br\/dcom\/wp-json\/wp\/v2\/users\/6"}],"replies":[{"embeddable":true,"href":"https:\/\/www.ufla.br\/dcom\/wp-json\/wp\/v2\/comments?post=20702"}],"version-history":[{"count":3,"href":"https:\/\/www.ufla.br\/dcom\/wp-json\/wp\/v2\/posts\/20702\/revisions"}],"predecessor-version":[{"id":20780,"href":"https:\/\/www.ufla.br\/dcom\/wp-json\/wp\/v2\/posts\/20702\/revisions\/20780"}],"wp:attachment":[{"href":"https:\/\/www.ufla.br\/dcom\/wp-json\/wp\/v2\/media?parent=20702"}],"wp:term":[{"taxonomy":"category","embeddable":true,"href":"https:\/\/www.ufla.br\/dcom\/wp-json\/wp\/v2\/categories?post=20702"},{"taxonomy":"post_tag","embeddable":true,"href":"https:\/\/www.ufla.br\/dcom\/wp-json\/wp\/v2\/tags?post=20702"}],"curies":[{"name":"wp","href":"https:\/\/api.w.org\/{rel}","templated":true}]}}