{"id":19679,"date":"2013-02-20T16:00:33","date_gmt":"2013-02-20T19:00:33","guid":{"rendered":"http:\/\/www.ufla.br\/ascom\/?p=19679"},"modified":"2013-02-26T09:11:20","modified_gmt":"2013-02-26T12:11:20","slug":"iniciada-a-construcao-da-agencia-de-inovacao-do-cafe-na-ufla","status":"publish","type":"post","link":"https:\/\/www.ufla.br\/dcom\/2013\/02\/20\/iniciada-a-construcao-da-agencia-de-inovacao-do-cafe-na-ufla\/","title":{"rendered":"Iniciada a constru\u00e7\u00e3o da Ag\u00eancia de Inova\u00e7\u00e3o do Caf\u00e9 no c\u00e2mpus da UFLA"},"content":{"rendered":"<p><a href=\"http:\/\/www.ufla.br\/ascom\/wp-content\/uploads\/2013\/02\/20.02-ag\u00eancia-inova\u00e7\u00e3o-1.jpg\"><img loading=\"lazy\" decoding=\"async\" class=\"alignleft size-medium wp-image-19680\" alt=\"20.02 ag\u00eancia inova\u00e7\u00e3o 1\" src=\"http:\/\/www.ufla.br\/ascom\/wp-content\/uploads\/2013\/02\/20.02-ag\u00eancia-inova\u00e7\u00e3o-1-249x186.jpg\" width=\"249\" height=\"186\" srcset=\"https:\/\/www.ufla.br\/dcom\/wp-content\/uploads\/2013\/02\/20.02-ag\u00eancia-inova\u00e7\u00e3o-1-249x186.jpg 249w, https:\/\/www.ufla.br\/dcom\/wp-content\/uploads\/2013\/02\/20.02-ag\u00eancia-inova\u00e7\u00e3o-1-612x459.jpg 612w, https:\/\/www.ufla.br\/dcom\/wp-content\/uploads\/2013\/02\/20.02-ag\u00eancia-inova\u00e7\u00e3o-1.jpg 2048w\" sizes=\"auto, (max-width: 249px) 100vw, 249px\" \/><\/a>Foi assinada nessa ter\u00e7a-feira (19) a ordem de servi\u00e7o que d\u00e1 in\u00edcio \u00e0 constru\u00e7\u00e3o da Ag\u00eancia de Inova\u00e7\u00e3o do Caf\u00e9, que ser\u00e1 sediada no c\u00e2mpus da Universidade Federal de Lavras (UFLA) e dever\u00e1 integrar em um mesmo espa\u00e7o f\u00edsico iniciativas voltadas ao desenvolvimento de inova\u00e7\u00f5es para o setor cafeeiro, por meio da intera\u00e7\u00e3o entre compet\u00eancias institucionais em projetos colaborativos.<\/p>\n<p>A cerim\u00f4nia foi realizada na <a href=\"http:\/\/www.tecnologia.mg.gov.br\/\">Secretaria de Ci\u00eancia, Tecnologia e Ensino Superior<\/a> (Sectes), na cidade Administrativa, contando com a presen\u00e7a do secret\u00e1rio N\u00e1rcio Rodrigues, secret\u00e1rio adjunto e coordenador do projeto Inova Minas, Evaldo Vilela; secret\u00e1rio de Estado de Transportes e Obras P\u00fablicas, Carlos Melles; superintendente de Ci\u00eancia, Tecnologia e Inova\u00e7\u00e3o, D\u00e9a Fonseca; subsecret\u00e1rio de Ci\u00eancia, Tecnologia e Inova\u00e7\u00e3o, Vicente Gamarano \u00a0e o superintendente de Inova\u00e7\u00e3o Tecnol\u00f3gica, Jos\u00e9 Luciano de Assis Pereira. Pela UFLA, o termo que d\u00e1 in\u00edcio \u00e0s obras foi assinado pelo assessor de assuntos Institucionais da UFLA, professor Antonio Nazareno Guimar\u00e3es Mendes e o gerente do Polo de Excel\u00eancia do Caf\u00e9, Edinaldo Jos\u00e9 Abra\u00e3o.<\/p>\n<p>O projeto vem sendo articulado desde 2009 pelo Polo de Excel\u00eancia do Caf\u00e9 e pela Secretaria de Estado de Ci\u00eancia e Tecnologia de Minas Gerais \u2013 Sectes, contando com o apoio da Financiadora de Estudos e Projetos (Finep), Funda\u00e7\u00e3o de Amparo a Pesquisa do Estado de Minas Gerais (Fapemig) e UFLA.<\/p>\n<figure id=\"attachment_19682\" aria-describedby=\"caption-attachment-19682\" style=\"width: 249px\" class=\"wp-caption alignright\"><a href=\"http:\/\/www.ufla.br\/ascom\/wp-content\/uploads\/2013\/02\/20.02-ag\u00eancia-inova\u00e7\u00e3o-2.jpg\"><img loading=\"lazy\" decoding=\"async\" class=\"size-medium wp-image-19682 \" alt=\"Assessor para assuntos Interinstitucionais, professor Ant\u00f4nio nazareno, assina o termo que dar\u00e1 in\u00edcio \u00e0s obras\" src=\"http:\/\/www.ufla.br\/ascom\/wp-content\/uploads\/2013\/02\/20.02-ag\u00eancia-inova\u00e7\u00e3o-2-249x186.jpg\" width=\"249\" height=\"186\" srcset=\"https:\/\/www.ufla.br\/dcom\/wp-content\/uploads\/2013\/02\/20.02-ag\u00eancia-inova\u00e7\u00e3o-2-249x186.jpg 249w, https:\/\/www.ufla.br\/dcom\/wp-content\/uploads\/2013\/02\/20.02-ag\u00eancia-inova\u00e7\u00e3o-2-612x459.jpg 612w, https:\/\/www.ufla.br\/dcom\/wp-content\/uploads\/2013\/02\/20.02-ag\u00eancia-inova\u00e7\u00e3o-2.jpg 2048w\" sizes=\"auto, (max-width: 249px) 100vw, 249px\" \/><\/a><figcaption id=\"caption-attachment-19682\" class=\"wp-caption-text\">Assessor para assuntos Interinstitucionais, professor Ant\u00f4nio Nazareno, assina o termo que dar\u00e1 in\u00edcio \u00e0s obras<\/figcaption><\/figure>\n<p>Estima-se um investimento na ordem de dois milh\u00f5es de reais e a constru\u00e7\u00e3o dever\u00e1 ser finalizada no segundo semestre de 2013. Desse montante, foi feito o repasse de R$ 1,2 milh\u00e3o pela Finep e a contrapartida da UFLA ser\u00e1 de R$ 800 mil, negociados com o Minist\u00e9rio da Educa\u00e7\u00e3o (MEC).<\/p>\n<p>O projeto vai integrar iniciativas como o Polo de Excel\u00eancia do Caf\u00e9, o Instituto Nacional de Ci\u00eancia e Tecnologia do Caf\u00e9 (INCT-Caf\u00e9), Centro Tecnol\u00f3gico de Comercializa\u00e7\u00e3o Online de Caf\u00e9 (e-Caf\u00e9 Brasil), o Centro de Intelig\u00eancia em Mercados (CIM), que inclui o Centro de Trainee em Mercados e Bureau de Informa\u00e7\u00e3o e Desenvolvimento do Caf\u00e9, al\u00e9m de a\u00e7\u00f5es do Centro de Ensino, Pesquisa e Extens\u00e3o do Agroneg\u00f3cio Caf\u00e9 &#8211; Cepecaf\u00e9\/ UFLA.<\/p>\n<p>Para o professor Ant\u00f4nio Nazareno, que no ato representou o reitor da UFLA, professor Jos\u00e9 Roberto Scolforo, a obra tem uma import\u00e2ncia muito grande para a Universidade e para o Estado de Minas, por consolidar a trajet\u00f3ria de excel\u00eancia na gera\u00e7\u00e3o de conhecimentos cient\u00edficos e tecnol\u00f3gicos para o setor cafeeiro.<\/p>\n<figure id=\"attachment_19683\" aria-describedby=\"caption-attachment-19683\" style=\"width: 249px\" class=\"wp-caption alignleft\"><a href=\"http:\/\/www.ufla.br\/ascom\/wp-content\/uploads\/2013\/02\/20.02-Ag\u00eancia-Inova\u00e7\u00e3o-3.jpg\"><img loading=\"lazy\" decoding=\"async\" class=\"size-medium wp-image-19683\" alt=\"Gerente executivo do Polo de Excel\u00eancia do Caf\u00e9, Edinaldo Abrah\u00e3o, refor\u00e7a ambiente de parcerias \" src=\"http:\/\/www.ufla.br\/ascom\/wp-content\/uploads\/2013\/02\/20.02-Ag\u00eancia-Inova\u00e7\u00e3o-3-249x186.jpg\" width=\"249\" height=\"186\" srcset=\"https:\/\/www.ufla.br\/dcom\/wp-content\/uploads\/2013\/02\/20.02-Ag\u00eancia-Inova\u00e7\u00e3o-3-249x186.jpg 249w, https:\/\/www.ufla.br\/dcom\/wp-content\/uploads\/2013\/02\/20.02-Ag\u00eancia-Inova\u00e7\u00e3o-3-612x459.jpg 612w, https:\/\/www.ufla.br\/dcom\/wp-content\/uploads\/2013\/02\/20.02-Ag\u00eancia-Inova\u00e7\u00e3o-3.jpg 2048w\" sizes=\"auto, (max-width: 249px) 100vw, 249px\" \/><\/a><figcaption id=\"caption-attachment-19683\" class=\"wp-caption-text\">Gerente executivo do Polo de Excel\u00eancia do Caf\u00e9, Edinaldo Abrah\u00e3o, refor\u00e7a ambiente de parcerias<\/figcaption><\/figure>\n<p>Na avalia\u00e7\u00e3o de Edinaldo Abrah\u00e3o, a Ag\u00eancia de Inova\u00e7\u00e3o do Caf\u00e9 surge para integrar o governo, as universidades e o setor empresarial, considerando as condi\u00e7\u00f5es estruturais de uma alian\u00e7a estrat\u00e9gica como a base edificadora que faltava para elevar a cafeicultura de Minas \u00e0 competitividade desejada na sociedade do conhecimento. \u201cEsse projeto n\u00e3o \u00e9 uma obra em si, uma estrutura a mais, esse pr\u00e9dio vai simbolizar uma estrutura para agregar profissionais de diferentes \u00e1reas do conhecimento, que trabalham para tornar a cafeicultura mineira refer\u00eancia em ci\u00eancia, tecnologia e inova\u00e7\u00e3o\u201d, refor\u00e7a.<\/p>\n<p>A Ag\u00eancia de Inova\u00e7\u00e3o do Caf\u00e9 vem somar \u00e0 estrutura j\u00e1 dispon\u00edvel na UFLA com foco em inova\u00e7\u00e3o, como o N\u00facleo de Inova\u00e7\u00e3o Tecnol\u00f3gica \u2013 Nintec, a Incubadora de Empresas de Base Tecnol\u00f3gica \u2013 Inbatec e o Parque Cient\u00edfico e Tecnol\u00f3gico de Lavras \u2013 Lavrastec, cuja constru\u00e7\u00e3o ter\u00e1 in\u00edcio em breve.<\/p>\n<p>&nbsp;<\/p>\n<figure id=\"attachment_19684\" aria-describedby=\"caption-attachment-19684\" style=\"width: 367px\" class=\"wp-caption alignnone\"><a href=\"http:\/\/www.ufla.br\/ascom\/wp-content\/uploads\/2013\/02\/20.02-ag\u00eancia-Narcio.jpg\"><img loading=\"lazy\" decoding=\"async\" class=\"size-full wp-image-19684\" alt=\"Secret\u00e1rio Narcio Rodrigues apoia a constru\u00e7\u00e3o de ambientes colaborativos voltados \u00e0 projetos inovadores para o setor cafeeiro\" src=\"http:\/\/www.ufla.br\/ascom\/wp-content\/uploads\/2013\/02\/20.02-ag\u00eancia-Narcio.jpg\" width=\"367\" height=\"296\" srcset=\"https:\/\/www.ufla.br\/dcom\/wp-content\/uploads\/2013\/02\/20.02-ag\u00eancia-Narcio.jpg 367w, https:\/\/www.ufla.br\/dcom\/wp-content\/uploads\/2013\/02\/20.02-ag\u00eancia-Narcio-249x200.jpg 249w\" sizes=\"auto, (max-width: 367px) 100vw, 367px\" \/><\/a><figcaption id=\"caption-attachment-19684\" class=\"wp-caption-text\">Secret\u00e1rio Narcio Rodrigues apoia a constru\u00e7\u00e3o de ambientes colaborativos voltados \u00e0 projetos inovadores para o setor cafeeiro<\/figcaption><\/figure>\n<p>&nbsp;<\/p>\n","protected":false},"excerpt":{"rendered":"<p>Foi assinada nessa ter\u00e7a-feira (19) a ordem de servi\u00e7o que d\u00e1 in\u00edcio \u00e0 constru\u00e7\u00e3o da Ag\u00eancia de Inova\u00e7\u00e3o do Caf\u00e9, que ser\u00e1 sediada no c\u00e2mpus da Universidade Federal de Lavras (UFLA) e dever\u00e1 integrar em um mesmo espa\u00e7o f\u00edsico (&#8230;)<\/p>\n","protected":false},"author":6,"featured_media":0,"comment_status":"closed","ping_status":"closed","sticky":false,"template":"","format":"standard","meta":{"ngg_post_thumbnail":0,"footnotes":""},"categories":[1,10],"tags":[168,270,170],"class_list":["post-19679","post","type-post","status-publish","format-standard","hentry","category-noticias","category-menores","tag-cafe","tag-cafeicultura","tag-inovacao-2"],"_links":{"self":[{"href":"https:\/\/www.ufla.br\/dcom\/wp-json\/wp\/v2\/posts\/19679","targetHints":{"allow":["GET"]}}],"collection":[{"href":"https:\/\/www.ufla.br\/dcom\/wp-json\/wp\/v2\/posts"}],"about":[{"href":"https:\/\/www.ufla.br\/dcom\/wp-json\/wp\/v2\/types\/post"}],"author":[{"embeddable":true,"href":"https:\/\/www.ufla.br\/dcom\/wp-json\/wp\/v2\/users\/6"}],"replies":[{"embeddable":true,"href":"https:\/\/www.ufla.br\/dcom\/wp-json\/wp\/v2\/comments?post=19679"}],"version-history":[{"count":5,"href":"https:\/\/www.ufla.br\/dcom\/wp-json\/wp\/v2\/posts\/19679\/revisions"}],"predecessor-version":[{"id":19875,"href":"https:\/\/www.ufla.br\/dcom\/wp-json\/wp\/v2\/posts\/19679\/revisions\/19875"}],"wp:attachment":[{"href":"https:\/\/www.ufla.br\/dcom\/wp-json\/wp\/v2\/media?parent=19679"}],"wp:term":[{"taxonomy":"category","embeddable":true,"href":"https:\/\/www.ufla.br\/dcom\/wp-json\/wp\/v2\/categories?post=19679"},{"taxonomy":"post_tag","embeddable":true,"href":"https:\/\/www.ufla.br\/dcom\/wp-json\/wp\/v2\/tags?post=19679"}],"curies":[{"name":"wp","href":"https:\/\/api.w.org\/{rel}","templated":true}]}}