{"id":19581,"date":"2013-02-21T07:41:18","date_gmt":"2013-02-21T10:41:18","guid":{"rendered":"http:\/\/www.ufla.br\/ascom\/?p=19581"},"modified":"2013-02-22T11:08:52","modified_gmt":"2013-02-22T14:08:52","slug":"ufla-seleciona-estagiarios-para-atuacao-na-tv-universitaria","status":"publish","type":"post","link":"https:\/\/www.ufla.br\/dcom\/2013\/02\/21\/ufla-seleciona-estagiarios-para-atuacao-na-tv-universitaria\/","title":{"rendered":"UFLA seleciona estagi\u00e1rios para atua\u00e7\u00e3o na TV Universit\u00e1ria"},"content":{"rendered":"<p><a href=\"http:\/\/www.ufla.br\/ascom\/wp-content\/uploads\/2013\/02\/15.02-TVU-est\u00e1gio.jpg\"><img loading=\"lazy\" decoding=\"async\" class=\"alignleft  wp-image-19582\" alt=\"15.02 TVU est\u00e1gio\" src=\"http:\/\/www.ufla.br\/ascom\/wp-content\/uploads\/2013\/02\/15.02-TVU-est\u00e1gio.jpg\" width=\"275\" height=\"195\" srcset=\"https:\/\/www.ufla.br\/dcom\/wp-content\/uploads\/2013\/02\/15.02-TVU-est\u00e1gio.jpg 459w, https:\/\/www.ufla.br\/dcom\/wp-content\/uploads\/2013\/02\/15.02-TVU-est\u00e1gio-249x176.jpg 249w\" sizes=\"auto, (max-width: 275px) 100vw, 275px\" \/><\/a>A Universidade Federal de Lavras (UFLA) abre inscri\u00e7\u00f5es para estagi\u00e1rios com atua\u00e7\u00e3o na TV Universit\u00e1ria, para um per\u00edodo de at\u00e9 dois anos. Ser\u00e3o tr\u00eas vagas de est\u00e1gio n\u00e3o obrigat\u00f3rio, sendo duas na \u00e1rea de jornalismo e uma vaga na \u00e1rea de publicidade.<\/p>\n<p>As inscri\u00e7\u00f5es estar\u00e3o abertas no per\u00edodo de 18\/2\/2013 a 8\/3\/2013. Os documentos solicitados para inscri\u00e7\u00e3o dever\u00e3o ser entregues pessoalmente na Pr\u00f3-Reitoria de Extens\u00e3o e Cultura, das 8 \u00e0s 11h45 e das 14 \u00e0s 17h45, de segunda a sexta-feira.<\/p>\n<p>O candidato dever\u00e1 estar regularmente matriculado numa Institui\u00e7\u00e3o de Ensino conveniada com a Universidade Federal de Lavras, estar no m\u00ednimo no 3\u00ba per\u00edodo do curso de Jornalismo ou Publicidade, ter conhecimento e experi\u00eancia para manuseio de microcomputadores\/servidor, em ambiente Windows e habilidades para gerenciamento de redes sociais.<\/p>\n<p>O candidato dever\u00e1 apresentar disponibilidade de hor\u00e1rio para cumprir a jornada semanal de 30 horas, sem preju\u00edzo do hor\u00e1rio escolar, em hor\u00e1rios a serem estabelecidos pela TVU, com encerramento das atividades n\u00e3o superior \u00e0s 17 horas, de acordo com o projeto desenvolvido e as atividades da \u00e1rea. A realiza\u00e7\u00e3o do est\u00e1gio curricular n\u00e3o acarretar\u00e1 v\u00ednculo empregat\u00edcio de qualquer natureza, sendo realizado mediante Termo de Compromisso celebrado entre o estudante e a UFLA, com a interveni\u00eancia obrigat\u00f3ria da institui\u00e7\u00e3o de ensino de origem.<\/p>\n<p>Os candidatos ser\u00e3o selecionados por meio de avalia\u00e7\u00e3o e an\u00e1lise do hist\u00f3rico escolar (30 pontos), entrevista e an\u00e1lise de curr\u00edculo (30 pontos) e atividade pr\u00e1tica (40 pontos), totalizando 100 (cem) pontos.<\/p>\n<p>O valor da bolsa atende \u00e0 Orienta\u00e7\u00e3o Normativa n\u00ba 07, de 30\/10\/2008,\u00a0 sendo R$ 520,00 (quinhentos e vinte reais), al\u00e9m do aux\u00edlio transporte de R$ 6,00 (seis reais) por dia.<\/p>\n<p>O resultado do processo seletivo ser\u00e1 divulgado a partir de 2\/4\/2013<b>,<\/b> no site da Pr\u00f3-Reitoria de Extens\u00e3o e Cultura: <a href=\"http:\/\/www.proec.ufla.br\/\">http:\/\/www.proec.ufla.br<\/a>.<\/p>\n<p>Informa\u00e7\u00f5es: PROEC, C\u00e2mpus Universit\u00e1rio, Caixa Postal 3037, CEP 37200-000, Lavras\/MG; Telefone: 35.3829.1121; e-mail: <a href=\"mailto:estagio.proec@proec.ufla.br\">estagio.proec@proec.ufla.br<\/a>. \u00a0homepage: <a href=\"http:\/\/www.proec.ufla.br\">www.proec.ufla.br<\/a><\/p>\n<p><a href=\"http:\/\/www.ufla.br\/ascom\/wp-content\/uploads\/2013\/02\/EstagioNaoObrigatorio.pdf\">Acesse o Edital<\/a><\/p>\n<p>&nbsp;<\/p>\n<p>&nbsp;<\/p>\n","protected":false},"excerpt":{"rendered":"<p>A Universidade Federal de Lavras (UFLA) abre inscri\u00e7\u00f5es para estagi\u00e1rios com atua\u00e7\u00e3o na TV Universit\u00e1ria, para um per\u00edodo de at\u00e9 dois anos. Ser\u00e3o tr\u00eas vagas de est\u00e1gio n\u00e3o obrigat\u00f3rio, sendo duas na \u00e1rea de jornalismo e uma vaga na \u00e1rea de publicidade. As inscri\u00e7\u00f5es estar\u00e3o abertas no per\u00edodo de 18\/2\/2013 a 8\/3\/2013. Os documentos solicitados &hellip; <a href=\"https:\/\/www.ufla.br\/dcom\/2013\/02\/21\/ufla-seleciona-estagiarios-para-atuacao-na-tv-universitaria\/\" class=\"more-link\">Continue lendo <span class=\"screen-reader-text\">UFLA seleciona estagi\u00e1rios para atua\u00e7\u00e3o na TV Universit\u00e1ria<\/span> <span class=\"meta-nav\">&rarr;<\/span><\/a><\/p>\n","protected":false},"author":6,"featured_media":0,"comment_status":"closed","ping_status":"closed","sticky":false,"template":"","format":"standard","meta":{"ngg_post_thumbnail":0,"footnotes":""},"categories":[1,10],"tags":[691],"class_list":["post-19581","post","type-post","status-publish","format-standard","hentry","category-noticias","category-menores","tag-tvu"],"_links":{"self":[{"href":"https:\/\/www.ufla.br\/dcom\/wp-json\/wp\/v2\/posts\/19581","targetHints":{"allow":["GET"]}}],"collection":[{"href":"https:\/\/www.ufla.br\/dcom\/wp-json\/wp\/v2\/posts"}],"about":[{"href":"https:\/\/www.ufla.br\/dcom\/wp-json\/wp\/v2\/types\/post"}],"author":[{"embeddable":true,"href":"https:\/\/www.ufla.br\/dcom\/wp-json\/wp\/v2\/users\/6"}],"replies":[{"embeddable":true,"href":"https:\/\/www.ufla.br\/dcom\/wp-json\/wp\/v2\/comments?post=19581"}],"version-history":[{"count":6,"href":"https:\/\/www.ufla.br\/dcom\/wp-json\/wp\/v2\/posts\/19581\/revisions"}],"predecessor-version":[{"id":19585,"href":"https:\/\/www.ufla.br\/dcom\/wp-json\/wp\/v2\/posts\/19581\/revisions\/19585"}],"wp:attachment":[{"href":"https:\/\/www.ufla.br\/dcom\/wp-json\/wp\/v2\/media?parent=19581"}],"wp:term":[{"taxonomy":"category","embeddable":true,"href":"https:\/\/www.ufla.br\/dcom\/wp-json\/wp\/v2\/categories?post=19581"},{"taxonomy":"post_tag","embeddable":true,"href":"https:\/\/www.ufla.br\/dcom\/wp-json\/wp\/v2\/tags?post=19581"}],"curies":[{"name":"wp","href":"https:\/\/api.w.org\/{rel}","templated":true}]}}