{"id":19507,"date":"2013-02-08T14:13:48","date_gmt":"2013-02-08T17:13:48","guid":{"rendered":"http:\/\/www.ufla.br\/ascom\/?p=19507"},"modified":"2013-02-15T10:26:00","modified_gmt":"2013-02-15T13:26:00","slug":"dae-promove-mostra-de-video-sobre-tendencias-da-administracao-publica","status":"publish","type":"post","link":"https:\/\/www.ufla.br\/dcom\/2013\/02\/08\/dae-promove-mostra-de-video-sobre-tendencias-da-administracao-publica\/","title":{"rendered":"DAE promove Mostra de V\u00eddeo sobre tend\u00eancias da Administra\u00e7\u00e3o P\u00fablica"},"content":{"rendered":"<p><a href=\"http:\/\/www.ufla.br\/ascom\/wp-content\/uploads\/2013\/02\/08.02-adm-p\u00fablica1.jpg\"><img loading=\"lazy\" decoding=\"async\" class=\"alignright size-medium wp-image-19510\" alt=\"08.02 adm p\u00fablica\" src=\"http:\/\/www.ufla.br\/ascom\/wp-content\/uploads\/2013\/02\/08.02-adm-p\u00fablica1-249x186.jpg\" width=\"249\" height=\"186\" srcset=\"https:\/\/www.ufla.br\/dcom\/wp-content\/uploads\/2013\/02\/08.02-adm-p\u00fablica1-249x186.jpg 249w, https:\/\/www.ufla.br\/dcom\/wp-content\/uploads\/2013\/02\/08.02-adm-p\u00fablica1-612x459.jpg 612w, https:\/\/www.ufla.br\/dcom\/wp-content\/uploads\/2013\/02\/08.02-adm-p\u00fablica1.jpg 2048w\" sizes=\"auto, (max-width: 249px) 100vw, 249px\" \/><\/a>Nessa quinta-feira (7\/2), foi realizada a 1\u00b0 Mostra de V\u00eddeo \u2013 Tend\u00eancias da Administra\u00e7\u00e3o P\u00fablica, coordenada pelas\u00a0professoras do Departamento de Administra\u00e7\u00e3o e Economia (DAE\/UFLA) Viviane Pereira e Sabrina Soares,\u00a0com o apoio de estudantes do curso.<\/p>\n<p>A mostra \u00e9 uma a\u00e7\u00e3o de um projeto de extens\u00e3o que tem como objetivo abrir espa\u00e7o para discuss\u00e3o sobre as tend\u00eancias da nova\u00a0Administra\u00e7\u00e3o\u00a0P\u00fablica, al\u00e9m de promover a constru\u00e7\u00e3o de novo conhecimento na tem\u00e1tica e estimular os relacionamentos entre membros da comunidade acad\u00eamica e da sociedade.<\/p>\n<p>Na UFLA, o curso de Administra\u00e7\u00e3o P\u00fablica forma sua primeira turma, com conte\u00fado voltado para a forma\u00e7\u00e3o de cidad\u00e3os capazes de atuar de forma eficiente e eficaz no contexto da gest\u00e3o\u00a0p\u00fablica, \u00e0 luz da \u00e9tica, buscando\u00a0contribuir\u00a0para o alcance dos objetivos e\u00a0desenvolvimento das organiza\u00e7\u00f5es, de forma que atendam \u00e0s necessidades da sociedade.<\/p>\n<p>Texto: J\u00e9ssica Veloso &#8211; bolsista Ascom<\/p>\n<p>&nbsp;<\/p>\n","protected":false},"excerpt":{"rendered":"<p>Nessa quinta-feira (7\/2), foi realizada a 1\u00b0 Mostra de V\u00eddeo \u2013 Tend\u00eancias da Administra\u00e7\u00e3o P\u00fablica, coordenada pelas\u00a0professoras do Departamento de Administra\u00e7\u00e3o e Economia (DAE\/UFLA) Viviane Pereira e Sabrina Soares,\u00a0com o apoio de estudantes do curso. A mostra \u00e9 uma a\u00e7\u00e3o de um projeto de extens\u00e3o que tem como objetivo abrir espa\u00e7o para discuss\u00e3o sobre as &hellip; <a href=\"https:\/\/www.ufla.br\/dcom\/2013\/02\/08\/dae-promove-mostra-de-video-sobre-tendencias-da-administracao-publica\/\" class=\"more-link\">Continue lendo <span class=\"screen-reader-text\">DAE promove Mostra de V\u00eddeo sobre tend\u00eancias da Administra\u00e7\u00e3o P\u00fablica<\/span> <span class=\"meta-nav\">&rarr;<\/span><\/a><\/p>\n","protected":false},"author":6,"featured_media":0,"comment_status":"closed","ping_status":"closed","sticky":false,"template":"","format":"standard","meta":{"ngg_post_thumbnail":0,"footnotes":""},"categories":[1,10],"tags":[],"class_list":["post-19507","post","type-post","status-publish","format-standard","hentry","category-noticias","category-menores"],"_links":{"self":[{"href":"https:\/\/www.ufla.br\/dcom\/wp-json\/wp\/v2\/posts\/19507","targetHints":{"allow":["GET"]}}],"collection":[{"href":"https:\/\/www.ufla.br\/dcom\/wp-json\/wp\/v2\/posts"}],"about":[{"href":"https:\/\/www.ufla.br\/dcom\/wp-json\/wp\/v2\/types\/post"}],"author":[{"embeddable":true,"href":"https:\/\/www.ufla.br\/dcom\/wp-json\/wp\/v2\/users\/6"}],"replies":[{"embeddable":true,"href":"https:\/\/www.ufla.br\/dcom\/wp-json\/wp\/v2\/comments?post=19507"}],"version-history":[{"count":3,"href":"https:\/\/www.ufla.br\/dcom\/wp-json\/wp\/v2\/posts\/19507\/revisions"}],"predecessor-version":[{"id":19571,"href":"https:\/\/www.ufla.br\/dcom\/wp-json\/wp\/v2\/posts\/19507\/revisions\/19571"}],"wp:attachment":[{"href":"https:\/\/www.ufla.br\/dcom\/wp-json\/wp\/v2\/media?parent=19507"}],"wp:term":[{"taxonomy":"category","embeddable":true,"href":"https:\/\/www.ufla.br\/dcom\/wp-json\/wp\/v2\/categories?post=19507"},{"taxonomy":"post_tag","embeddable":true,"href":"https:\/\/www.ufla.br\/dcom\/wp-json\/wp\/v2\/tags?post=19507"}],"curies":[{"name":"wp","href":"https:\/\/api.w.org\/{rel}","templated":true}]}}