{"id":19395,"date":"2013-02-05T14:00:26","date_gmt":"2013-02-05T17:00:26","guid":{"rendered":"http:\/\/www.ufla.br\/ascom\/?p=19395"},"modified":"2013-02-08T08:22:55","modified_gmt":"2013-02-08T11:22:55","slug":"especialistas-e-produtores-encontram-se-no-ix-ciclo-de-palestras-em-cafeicultura","status":"publish","type":"post","link":"https:\/\/www.ufla.br\/dcom\/2013\/02\/05\/especialistas-e-produtores-encontram-se-no-ix-ciclo-de-palestras-em-cafeicultura\/","title":{"rendered":"Especialistas e produtores encontram-se no IX Ciclo de Palestras em Cafeicultura"},"content":{"rendered":"<p><a href=\"http:\/\/www.ufla.br\/ascom\/wp-content\/uploads\/2013\/02\/cafeicultura.jpg\"><img loading=\"lazy\" decoding=\"async\" class=\"alignleft size-medium wp-image-19396\" alt=\"\" src=\"http:\/\/www.ufla.br\/ascom\/wp-content\/uploads\/2013\/02\/cafeicultura-249x186.jpg\" width=\"249\" height=\"186\" srcset=\"https:\/\/www.ufla.br\/dcom\/wp-content\/uploads\/2013\/02\/cafeicultura-249x186.jpg 249w, https:\/\/www.ufla.br\/dcom\/wp-content\/uploads\/2013\/02\/cafeicultura-612x459.jpg 612w, https:\/\/www.ufla.br\/dcom\/wp-content\/uploads\/2013\/02\/cafeicultura.jpg 750w\" sizes=\"auto, (max-width: 249px) 100vw, 249px\" \/><\/a>O IX Ciclo de Palestras em Cafeicultura foi aberto na noite de ontem (4), em solenidade no Sal\u00e3o de Conven\u00e7\u00f5es da UFLA. Durante o evento, s\u00e3o realizadas palestras com especialistas voltadas para pesquisadores, estudantes e produtores \u2013 que podem se atualizar sobre novas tecnologias, mercado e safras.<\/p>\n<p>A programa\u00e7\u00e3o deste ano conta com quatro palestras. Duas foram realizadas ontem e as outras duas, na noite de hoje, a partir das 18 horas, no Sal\u00e3o de Conven\u00e7\u00f5es. Os pesquisadores J\u00falio C\u00e9sar de Souza (Epamig) e Eduardo Diniz (Rehagro) abordaram o reconhecimento e controle de pragas e os fatores determinantes para o sucesso da atividade cafeeira, respectivamente.<\/p>\n<p>Hoje, as palestras ser\u00e3o sobre sustentabilidade no manejo de doen\u00e7as do cafeeiro, com o pesquisador da UFLA Edson Amp\u00e9lio Pozza (18 horas), e podas, com o pesquisador da Epamig Gladyston Rodrigues Carvalho (20 horas).<\/p>\n<p>O evento \u00e9 organizado pelo N\u00facleo de Estudos em Cafeicultura (<a href=\"http:\/\/www.nucleoestudo.ufla.br\/necaf\/\">Necaf<\/a>). Criado em 1995 no Departamento de Agricultura (<a href=\"http:\/\/www.dag.ufla.br\/\">DAG<\/a>), \u00e9 um dos n\u00facleos de estudo pioneiros na Universidade e conta com a participa\u00e7\u00e3o de profissionais da Epamig, Emater-MG e UFLA. O Necaf realiza trabalhos de pesquisa com as institui\u00e7\u00f5es parceiras, atividades de ensino e extens\u00e3o, participa\u00e7\u00e3o em congressos e eventos, publica\u00e7\u00f5es e cursos sobre a cultura cafeeira.<\/p>\n<p>&nbsp;<\/p>\n","protected":false},"excerpt":{"rendered":"<p>O IX Ciclo de Palestras em Cafeicultura foi aberto na noite de ontem (4), em solenidade no Sal\u00e3o de Conven\u00e7\u00f5es da UFLA. Durante o evento, s\u00e3o realizadas palestras com especialistas voltadas para pesquisadores, estudantes e produtores \u2013 que podem se atualizar sobre novas tecnologias, mercado e safras. A programa\u00e7\u00e3o deste ano conta com quatro palestras. &hellip; <a href=\"https:\/\/www.ufla.br\/dcom\/2013\/02\/05\/especialistas-e-produtores-encontram-se-no-ix-ciclo-de-palestras-em-cafeicultura\/\" class=\"more-link\">Continue lendo <span class=\"screen-reader-text\">Especialistas e produtores encontram-se no IX Ciclo de Palestras em Cafeicultura<\/span> <span class=\"meta-nav\">&rarr;<\/span><\/a><\/p>\n","protected":false},"author":8,"featured_media":0,"comment_status":"closed","ping_status":"closed","sticky":false,"template":"","format":"standard","meta":{"ngg_post_thumbnail":0,"footnotes":""},"categories":[1,10],"tags":[168],"class_list":["post-19395","post","type-post","status-publish","format-standard","hentry","category-noticias","category-menores","tag-cafe"],"_links":{"self":[{"href":"https:\/\/www.ufla.br\/dcom\/wp-json\/wp\/v2\/posts\/19395","targetHints":{"allow":["GET"]}}],"collection":[{"href":"https:\/\/www.ufla.br\/dcom\/wp-json\/wp\/v2\/posts"}],"about":[{"href":"https:\/\/www.ufla.br\/dcom\/wp-json\/wp\/v2\/types\/post"}],"author":[{"embeddable":true,"href":"https:\/\/www.ufla.br\/dcom\/wp-json\/wp\/v2\/users\/8"}],"replies":[{"embeddable":true,"href":"https:\/\/www.ufla.br\/dcom\/wp-json\/wp\/v2\/comments?post=19395"}],"version-history":[{"count":4,"href":"https:\/\/www.ufla.br\/dcom\/wp-json\/wp\/v2\/posts\/19395\/revisions"}],"predecessor-version":[{"id":19488,"href":"https:\/\/www.ufla.br\/dcom\/wp-json\/wp\/v2\/posts\/19395\/revisions\/19488"}],"wp:attachment":[{"href":"https:\/\/www.ufla.br\/dcom\/wp-json\/wp\/v2\/media?parent=19395"}],"wp:term":[{"taxonomy":"category","embeddable":true,"href":"https:\/\/www.ufla.br\/dcom\/wp-json\/wp\/v2\/categories?post=19395"},{"taxonomy":"post_tag","embeddable":true,"href":"https:\/\/www.ufla.br\/dcom\/wp-json\/wp\/v2\/tags?post=19395"}],"curies":[{"name":"wp","href":"https:\/\/api.w.org\/{rel}","templated":true}]}}