{"id":19089,"date":"2013-01-25T08:39:01","date_gmt":"2013-01-25T11:39:01","guid":{"rendered":"http:\/\/www.ufla.br\/ascom\/?p=19089"},"modified":"2013-01-30T07:32:14","modified_gmt":"2013-01-30T10:32:14","slug":"manifestacao-em-homenagem-a-memoria-de-amauri-matos-pede-reflexao-sobre-violencia-e-maioridade-penal","status":"publish","type":"post","link":"https:\/\/www.ufla.br\/dcom\/2013\/01\/25\/manifestacao-em-homenagem-a-memoria-de-amauri-matos-pede-reflexao-sobre-violencia-e-maioridade-penal\/","title":{"rendered":"Manifesta\u00e7\u00e3o em homenagem \u00e0 mem\u00f3ria de Amauri Matos pede reflex\u00e3o sobre viol\u00eancia e maioridade penal"},"content":{"rendered":"<p><a href=\"http:\/\/www.ufla.br\/ascom\/wp-content\/uploads\/2013\/01\/25.01-manifesta\u00e7\u00e3o-amauri.jpg\"><img loading=\"lazy\" decoding=\"async\" class=\"alignright size-medium wp-image-19090\" alt=\"25.01 manifesta\u00e7\u00e3o amauri\" src=\"http:\/\/www.ufla.br\/ascom\/wp-content\/uploads\/2013\/01\/25.01-manifesta\u00e7\u00e3o-amauri-249x186.jpg\" width=\"249\" height=\"186\" srcset=\"https:\/\/www.ufla.br\/dcom\/wp-content\/uploads\/2013\/01\/25.01-manifesta\u00e7\u00e3o-amauri-249x186.jpg 249w, https:\/\/www.ufla.br\/dcom\/wp-content\/uploads\/2013\/01\/25.01-manifesta\u00e7\u00e3o-amauri-612x459.jpg 612w, https:\/\/www.ufla.br\/dcom\/wp-content\/uploads\/2013\/01\/25.01-manifesta\u00e7\u00e3o-amauri.jpg 2048w\" sizes=\"auto, (max-width: 249px) 100vw, 249px\" \/><\/a>Servidores e estudantes da Universidade Federal de Lavras (UFLA) se reuniram na Cantina Central da Universidade, nessa quinta-feira (24), para uma manifesta\u00e7\u00e3o em homenagem \u00e0 mem\u00f3ria do servidor assassinado Amauri Cl\u00e9o Matos. Usando camiseta branca, os participantes levantaram a bandeira contra a viol\u00eancia e para a reflex\u00e3o sobre a maioridade penal.<\/p>\n<p>A manifesta\u00e7\u00e3o deu in\u00edcio ao colhimento de assinaturas em um abaixo-assinado com o objetivo de fortalecer o movimento nacional que pede a revis\u00e3o da maioridade penal, j\u00e1 em discuss\u00e3o no Congresso Nacional. O abaixo-assinado ficar\u00e1 dispon\u00edvel na Cantina Central, sendo necess\u00e1rio o n\u00famero do t\u00edtulo de eleitor para a validade da assinatura.<\/p>\n<p>De acordo com a servidora S\u00f4nia Castejon Branco Abrah\u00e3o, idealizadora da manifesta\u00e7\u00e3o, o que n\u00e3o pode acontecer \u00e9 o r\u00e1pido esquecimento dessa barb\u00e1rie. \u201cN\u00e3o dava para voltar para o trabalho, como se nada tivesse acontecido\u201d, considera, lamentando a morte brutal do amigo.<\/p>\n<p>Representando o Sindicato dos Servidores T\u00e9cnicos Adminsitrativos da UFLA (SindUfla), o vice-presidente Edilson William Lopes fez um apelo \u00e0 comunidade para a reflex\u00e3o sobre a banaliza\u00e7\u00e3o da viol\u00eancia. Em sua opini\u00e3o, paralelamente ao debate sobre a inimputabilidade para menores de 18 anos, torna-se necess\u00e1ria ampla discuss\u00e3o sobre o ambiente de forma\u00e7\u00e3o de crian\u00e7as e jovens e a reestrutura\u00e7\u00e3o das unidades educacionais de interna\u00e7\u00e3o, para que ofere\u00e7am escolas formais e cursos profissionalizantes em todas as unidades.<\/p>\n<p><b>Resgate do crime<\/b><\/p>\n<p>Amauri Matos foi encontrado pela Pol\u00edcia Militar na ter\u00e7a-feira (15), \u00e0s margens da rodovia 265, pr\u00f3ximo \u00e0 entrada da cidade com sinais de forte agress\u00e3o. Segundo relato registrado na Delegacia de Lavras, Amauri Matos teria dado carona ao menor J.C.E , 17 anos, quando viajava de Itumirim a Lavras, na noite de sexta-feira (11). O carro da v\u00edtima foi encontrado na manh\u00e3 de s\u00e1bado (12), quando policiais militares faziam um patrulhamento no Bairro Pitangui, em Lavras. Ao tentar abordar os ocupantes, o motorista fugiu em alta velocidade. Durante a persegui\u00e7\u00e3o, tr\u00eas menores fugiram a p\u00e9 por um matagal. O carro estava sem as placas traseira e dianteira e havia sangue nos bancos, porta e teto do ve\u00edculo.<\/p>\n<p>O menor que confessou ter agredido o motorista e o deixado inconsciente \u00e0s margens da rodovia ficou detido e continua no Pres\u00eddio de Lavras. Os outros ocupantes do carro, ambos de 16 anos, foram apreendidos e liberados, pois n\u00e3o houve ind\u00edcios do envolvimento deles no ato infracional.<\/p>\n<p>Amauri Matos tinha 51 anos e trabalhava na UFLA desde dezembro de 1989.<\/p>\n<p>Veja a galeria de fotos &#8211; clique na primeira foto e siga a seta para abrir as demais em tamanho expandido.<\/p>\nngg_shortcode_0_placeholder\n<p>&nbsp;<\/p>\n<p><b>\u00a0<\/b><\/p>\n","protected":false},"excerpt":{"rendered":"<p>Servidores e estudantes da Universidade Federal de Lavras (UFLA) se reuniram na Cantina Central da Universidade, nessa quinta-feira (24), para uma manifesta\u00e7\u00e3o em homenagem \u00e0 mem\u00f3ria do servidor assassinado Amauri Cl\u00e9o Matos. Usando camiseta branca, os participantes levantaram a bandeira contra a viol\u00eancia e para a reflex\u00e3o sobre a maioridade penal. A manifesta\u00e7\u00e3o deu in\u00edcio &hellip; <a href=\"https:\/\/www.ufla.br\/dcom\/2013\/01\/25\/manifestacao-em-homenagem-a-memoria-de-amauri-matos-pede-reflexao-sobre-violencia-e-maioridade-penal\/\" class=\"more-link\">Continue lendo <span class=\"screen-reader-text\">Manifesta\u00e7\u00e3o em homenagem \u00e0 mem\u00f3ria de Amauri Matos pede reflex\u00e3o sobre viol\u00eancia e maioridade penal<\/span> <span class=\"meta-nav\">&rarr;<\/span><\/a><\/p>\n","protected":false},"author":6,"featured_media":0,"comment_status":"closed","ping_status":"closed","sticky":false,"template":"","format":"standard","meta":{"ngg_post_thumbnail":0,"footnotes":""},"categories":[1,10],"tags":[810],"class_list":["post-19089","post","type-post","status-publish","format-standard","hentry","category-noticias","category-menores","tag-amauri"],"_links":{"self":[{"href":"https:\/\/www.ufla.br\/dcom\/wp-json\/wp\/v2\/posts\/19089","targetHints":{"allow":["GET"]}}],"collection":[{"href":"https:\/\/www.ufla.br\/dcom\/wp-json\/wp\/v2\/posts"}],"about":[{"href":"https:\/\/www.ufla.br\/dcom\/wp-json\/wp\/v2\/types\/post"}],"author":[{"embeddable":true,"href":"https:\/\/www.ufla.br\/dcom\/wp-json\/wp\/v2\/users\/6"}],"replies":[{"embeddable":true,"href":"https:\/\/www.ufla.br\/dcom\/wp-json\/wp\/v2\/comments?post=19089"}],"version-history":[{"count":6,"href":"https:\/\/www.ufla.br\/dcom\/wp-json\/wp\/v2\/posts\/19089\/revisions"}],"predecessor-version":[{"id":19213,"href":"https:\/\/www.ufla.br\/dcom\/wp-json\/wp\/v2\/posts\/19089\/revisions\/19213"}],"wp:attachment":[{"href":"https:\/\/www.ufla.br\/dcom\/wp-json\/wp\/v2\/media?parent=19089"}],"wp:term":[{"taxonomy":"category","embeddable":true,"href":"https:\/\/www.ufla.br\/dcom\/wp-json\/wp\/v2\/categories?post=19089"},{"taxonomy":"post_tag","embeddable":true,"href":"https:\/\/www.ufla.br\/dcom\/wp-json\/wp\/v2\/tags?post=19089"}],"curies":[{"name":"wp","href":"https:\/\/api.w.org\/{rel}","templated":true}]}}