{"id":17956,"date":"2012-12-21T07:44:11","date_gmt":"2012-12-21T10:44:11","guid":{"rendered":"http:\/\/www.ufla.br\/ascom\/?p=17956"},"modified":"2013-01-03T14:22:27","modified_gmt":"2013-01-03T17:22:27","slug":"grupo-shalom-apresenta-musical-de-natal-na-cantina-central-da-ufla-veja-a-galeria-de-fotos","status":"publish","type":"post","link":"https:\/\/www.ufla.br\/dcom\/2012\/12\/21\/grupo-shalom-apresenta-musical-de-natal-na-cantina-central-da-ufla-veja-a-galeria-de-fotos\/","title":{"rendered":"Grupo Shalom apresenta Musical de Natal na Cantina Central da UFLA \u2013 veja a galeria de fotos"},"content":{"rendered":"<p><a href=\"http:\/\/www.ufla.br\/ascom\/wp-content\/uploads\/2012\/12\/21.12-musical-natal.jpg\"><img loading=\"lazy\" decoding=\"async\" class=\"alignright size-medium wp-image-17957\" title=\"21.12 musical natal\" alt=\"\" src=\"http:\/\/www.ufla.br\/ascom\/wp-content\/uploads\/2012\/12\/21.12-musical-natal-249x186.jpg\" width=\"249\" height=\"186\" srcset=\"https:\/\/www.ufla.br\/dcom\/wp-content\/uploads\/2012\/12\/21.12-musical-natal-249x186.jpg 249w, https:\/\/www.ufla.br\/dcom\/wp-content\/uploads\/2012\/12\/21.12-musical-natal-612x459.jpg 612w, https:\/\/www.ufla.br\/dcom\/wp-content\/uploads\/2012\/12\/21.12-musical-natal.jpg 2048w\" sizes=\"auto, (max-width: 249px) 100vw, 249px\" \/><\/a>Na quarta-feira (19), foi realizada uma apresenta\u00e7\u00e3o especial do projeto Ca\u00e7a-Talentos na Cantina Central da Universidade Federal de Lavras: o Musical de Natal apresentado pelo Grupo Shalom. O musical intitulado \u201cO verdadeiro Natal\u201d teve a participa\u00e7\u00e3o de moradores de Lavras, principalmente dos bairros Serra Azul e \u00c1gua Limpa, e tamb\u00e9m a participa\u00e7\u00e3o de estudantes da UFLA no coral.<\/p>\n<p>O projeto Ca\u00e7a-Talentos \u00e9 uma a\u00e7\u00e3o da Coordenadoria de Cultura da Pr\u00f3-Reitoria de Extens\u00e3o e Cultura (Proec), voltada para o incentivo \u00e0s manifesta\u00e7\u00f5es culturas e art\u00edsticas.<\/p>\n<p>Veja a galeria de fotos. Clique na primeira foto e siga a seta para abrir as demais em tamanho expandido.<\/p>\nngg_shortcode_0_placeholder\n<p>&nbsp;<\/p>\n<p>&nbsp;<\/p>\n","protected":false},"excerpt":{"rendered":"<p>Na quarta-feira (19), foi realizada uma apresenta\u00e7\u00e3o especial do projeto Ca\u00e7a-Talentos na Cantina Central da Universidade Federal de Lavras: o Musical de Natal apresentado pelo Grupo Shalom. O musical intitulado \u201cO verdadeiro Natal\u201d teve a participa\u00e7\u00e3o de moradores de Lavras, principalmente dos bairros Serra Azul e \u00c1gua Limpa, e tamb\u00e9m a participa\u00e7\u00e3o de estudantes da &hellip; <a href=\"https:\/\/www.ufla.br\/dcom\/2012\/12\/21\/grupo-shalom-apresenta-musical-de-natal-na-cantina-central-da-ufla-veja-a-galeria-de-fotos\/\" class=\"more-link\">Continue lendo <span class=\"screen-reader-text\">Grupo Shalom apresenta Musical de Natal na Cantina Central da UFLA \u2013 veja a galeria de fotos<\/span> <span class=\"meta-nav\">&rarr;<\/span><\/a><\/p>\n","protected":false},"author":6,"featured_media":0,"comment_status":"closed","ping_status":"closed","sticky":false,"template":"","format":"standard","meta":{"ngg_post_thumbnail":0,"footnotes":""},"categories":[1,10],"tags":[801,307],"class_list":["post-17956","post","type-post","status-publish","format-standard","hentry","category-noticias","category-menores","tag-musical","tag-proec"],"_links":{"self":[{"href":"https:\/\/www.ufla.br\/dcom\/wp-json\/wp\/v2\/posts\/17956","targetHints":{"allow":["GET"]}}],"collection":[{"href":"https:\/\/www.ufla.br\/dcom\/wp-json\/wp\/v2\/posts"}],"about":[{"href":"https:\/\/www.ufla.br\/dcom\/wp-json\/wp\/v2\/types\/post"}],"author":[{"embeddable":true,"href":"https:\/\/www.ufla.br\/dcom\/wp-json\/wp\/v2\/users\/6"}],"replies":[{"embeddable":true,"href":"https:\/\/www.ufla.br\/dcom\/wp-json\/wp\/v2\/comments?post=17956"}],"version-history":[{"count":6,"href":"https:\/\/www.ufla.br\/dcom\/wp-json\/wp\/v2\/posts\/17956\/revisions"}],"predecessor-version":[{"id":17960,"href":"https:\/\/www.ufla.br\/dcom\/wp-json\/wp\/v2\/posts\/17956\/revisions\/17960"}],"wp:attachment":[{"href":"https:\/\/www.ufla.br\/dcom\/wp-json\/wp\/v2\/media?parent=17956"}],"wp:term":[{"taxonomy":"category","embeddable":true,"href":"https:\/\/www.ufla.br\/dcom\/wp-json\/wp\/v2\/categories?post=17956"},{"taxonomy":"post_tag","embeddable":true,"href":"https:\/\/www.ufla.br\/dcom\/wp-json\/wp\/v2\/tags?post=17956"}],"curies":[{"name":"wp","href":"https:\/\/api.w.org\/{rel}","templated":true}]}}