{"id":17649,"date":"2012-12-13T10:25:19","date_gmt":"2012-12-13T13:25:19","guid":{"rendered":"http:\/\/www.ufla.br\/ascom\/?p=17649"},"modified":"2013-01-08T13:53:27","modified_gmt":"2013-01-08T16:53:27","slug":"equipe-minuto-por-quilometro-esteve-na-volta-da-pampulha","status":"publish","type":"post","link":"https:\/\/www.ufla.br\/dcom\/2012\/12\/13\/equipe-minuto-por-quilometro-esteve-na-volta-da-pampulha\/","title":{"rendered":"Equipe Minuto por Quil\u00f4metro esteve na Volta da Pampulha"},"content":{"rendered":"<h6><a href=\"http:\/\/www.ufla.br\/ascom\/index.php\/2012\/12\/equipe-minuto-por-quilometro-esteve-na-volta-da-pampulha\/equipe-pampulha\/\" rel=\"attachment wp-att-17650\"><img loading=\"lazy\" decoding=\"async\" class=\"alignleft size-medium wp-image-17650\" title=\"\" alt=\"\" src=\"http:\/\/www.ufla.br\/ascom\/wp-content\/uploads\/2012\/12\/Equipe-Pampulha-249x186.jpg\" width=\"249\" height=\"186\" srcset=\"https:\/\/www.ufla.br\/dcom\/wp-content\/uploads\/2012\/12\/Equipe-Pampulha-249x186.jpg 249w, https:\/\/www.ufla.br\/dcom\/wp-content\/uploads\/2012\/12\/Equipe-Pampulha-612x458.jpg 612w, https:\/\/www.ufla.br\/dcom\/wp-content\/uploads\/2012\/12\/Equipe-Pampulha.jpg 836w\" sizes=\"auto, (max-width: 249px) 100vw, 249px\" \/><\/a><\/h6>\n<p>Mais de vinte atletas da equipe Minuto por Quil\u00f4metro\/UFLA estiveram em Belo Horizonte nesse fim de semana para participar da XIV Volta Internacional da Pampulha, realizada no dia 9. A corrida foi um marco para a equipe: a atleta Stephannie do Prado obteve o d\u00e9cimo lugar na categoria feminina 20-24 anos e a participa\u00e7\u00e3o dos membros foi intensa.<\/p>\n<p>At\u00e9 ex-alunos da UFLA que hoje moram na capital mineira representaram a Universidade e o grupo de corredores. Na prova, membros da Associa\u00e7\u00e3o dos Desportistas de Lavras (Asdela) tamb\u00e9m comemoraram os dez anos da entidade.<\/p>\n<p>Confira os resultados dos participantes inscritos no site: <a href=\"http:\/\/www.yescom.com.br\/\">www.yescom.com.br<\/a>.<\/p>\n<p>&nbsp;<\/p>\n","protected":false},"excerpt":{"rendered":"<p>Mais de vinte atletas da equipe Minuto por Quil\u00f4metro\/UFLA estiveram em Belo Horizonte nesse fim de semana para participar da XIV Volta Internacional da Pampulha, realizada no dia 9. A corrida foi um marco para a equipe: a atleta Stephannie do Prado obteve o d\u00e9cimo lugar na categoria feminina 20-24 anos e a participa\u00e7\u00e3o dos &hellip; <a href=\"https:\/\/www.ufla.br\/dcom\/2012\/12\/13\/equipe-minuto-por-quilometro-esteve-na-volta-da-pampulha\/\" class=\"more-link\">Continue lendo <span class=\"screen-reader-text\">Equipe Minuto por Quil\u00f4metro esteve na Volta da Pampulha<\/span> <span class=\"meta-nav\">&rarr;<\/span><\/a><\/p>\n","protected":false},"author":8,"featured_media":0,"comment_status":"closed","ping_status":"closed","sticky":false,"template":"","format":"standard","meta":{"ngg_post_thumbnail":0,"footnotes":""},"categories":[1,10],"tags":[798,210],"class_list":["post-17649","post","type-post","status-publish","format-standard","hentry","category-noticias","category-menores","tag-equipe-minkm","tag-esporte-2"],"_links":{"self":[{"href":"https:\/\/www.ufla.br\/dcom\/wp-json\/wp\/v2\/posts\/17649","targetHints":{"allow":["GET"]}}],"collection":[{"href":"https:\/\/www.ufla.br\/dcom\/wp-json\/wp\/v2\/posts"}],"about":[{"href":"https:\/\/www.ufla.br\/dcom\/wp-json\/wp\/v2\/types\/post"}],"author":[{"embeddable":true,"href":"https:\/\/www.ufla.br\/dcom\/wp-json\/wp\/v2\/users\/8"}],"replies":[{"embeddable":true,"href":"https:\/\/www.ufla.br\/dcom\/wp-json\/wp\/v2\/comments?post=17649"}],"version-history":[{"count":5,"href":"https:\/\/www.ufla.br\/dcom\/wp-json\/wp\/v2\/posts\/17649\/revisions"}],"predecessor-version":[{"id":17654,"href":"https:\/\/www.ufla.br\/dcom\/wp-json\/wp\/v2\/posts\/17649\/revisions\/17654"}],"wp:attachment":[{"href":"https:\/\/www.ufla.br\/dcom\/wp-json\/wp\/v2\/media?parent=17649"}],"wp:term":[{"taxonomy":"category","embeddable":true,"href":"https:\/\/www.ufla.br\/dcom\/wp-json\/wp\/v2\/categories?post=17649"},{"taxonomy":"post_tag","embeddable":true,"href":"https:\/\/www.ufla.br\/dcom\/wp-json\/wp\/v2\/tags?post=17649"}],"curies":[{"name":"wp","href":"https:\/\/api.w.org\/{rel}","templated":true}]}}