{"id":17560,"date":"2012-12-11T13:05:25","date_gmt":"2012-12-11T16:05:25","guid":{"rendered":"http:\/\/www.ufla.br\/ascom\/?p=17560"},"modified":"2012-12-13T10:10:41","modified_gmt":"2012-12-13T13:10:41","slug":"cooperacao-internacional-e-gestao-de-pessoas-sao-temas-de-reunioes-do-reitor","status":"publish","type":"post","link":"https:\/\/www.ufla.br\/dcom\/2012\/12\/11\/cooperacao-internacional-e-gestao-de-pessoas-sao-temas-de-reunioes-do-reitor\/","title":{"rendered":"Coopera\u00e7\u00e3o internacional e gest\u00e3o de pessoas s\u00e3o temas de reuni\u00f5es do reitor"},"content":{"rendered":"<h6>Cibele Aguiar<\/h6>\n<p><a href=\"http:\/\/www.ufla.br\/ascom\/wp-content\/uploads\/2012\/12\/Articulacoes_institucionais.jpg\"><img loading=\"lazy\" decoding=\"async\" class=\"alignright size-medium wp-image-17561\" title=\"Articulacoes_institucionais\" src=\"http:\/\/www.ufla.br\/ascom\/wp-content\/uploads\/2012\/12\/Articulacoes_institucionais-249x170.jpg\" alt=\"\" width=\"249\" height=\"170\" srcset=\"https:\/\/www.ufla.br\/dcom\/wp-content\/uploads\/2012\/12\/Articulacoes_institucionais-249x170.jpg 249w, https:\/\/www.ufla.br\/dcom\/wp-content\/uploads\/2012\/12\/Articulacoes_institucionais-612x418.jpg 612w, https:\/\/www.ufla.br\/dcom\/wp-content\/uploads\/2012\/12\/Articulacoes_institucionais.jpg 1564w\" sizes=\"auto, (max-width: 249px) 100vw, 249px\" \/><\/a>Na segunda-feira (10), o reitor da Universidade Federal de Lavras (UFLA), professor Jos\u00e9 Roberto Scolforo, participou da V Reuni\u00e3o T\u00e9cnico-Administrativa do Programa TECHS &#8211; Toler\u00e2ncia de <em>Eucalyptus<\/em> Clonais aos Estresses H\u00eddrico e T\u00e9rmico, a convite da Universidade da Carolina do Norte, sob a coordena\u00e7\u00e3o do professor Jos\u00e9 Luiz Stape (<em>North <\/em><em><em>Carolina State<\/em><\/em><em> University<\/em>). Participaram da reuni\u00e3o, realizada em Campinas, representantes da Universidade do Colorado e da Universidade Virg\u00edniaTech, al\u00e9m de representantes de 26 empresas parceiras do projeto.<\/p>\n<p>Na avalia\u00e7\u00e3o do reitor, trata-se de uma oportunidade de ampliar a coopera\u00e7\u00e3o internacional, com a inser\u00e7\u00e3o da UFLA no Projeto que vai avaliar a toler\u00e2ncia de 18 clones de eucalipto, em 35 regi\u00f5es do Brasil. O projeto tem o apoio das empresas que v\u00e3o custear as avalia\u00e7\u00f5es em cada regi\u00e3o de refer\u00eancia.<\/p>\n<p>Al\u00e9m do ponto de vista cient\u00edfico, ampliando a participa\u00e7\u00e3o da UFLA em projetos de abrang\u00eancia internacional, os estudantes de gradua\u00e7\u00e3o e p\u00f3s-gradua\u00e7\u00e3o ter\u00e3o a oportunidade de participar de programas de mobilidade e treinamento nas universidades parceiras.\u00a0No evento,\u00a0o reitor\u00a0estava acompanhado dos estudantes \u00a0de p\u00f3s-gradua\u00e7\u00e3o Ant\u00f4nio Carlos Ferraz Filho e Thiza Falqueto Alto\u00e9.<\/p>\n<figure id=\"attachment_17594\" aria-describedby=\"caption-attachment-17594\" style=\"width: 428px\" class=\"wp-caption aligncenter\"><a href=\"http:\/\/www.ufla.br\/ascom\/wp-content\/uploads\/2012\/12\/12.12-Techs_foto.jpg\"><img loading=\"lazy\" decoding=\"async\" class=\" wp-image-17594 \" title=\"12.12 Techs_foto\" src=\"http:\/\/www.ufla.br\/ascom\/wp-content\/uploads\/2012\/12\/12.12-Techs_foto-612x459.jpg\" alt=\"\" width=\"428\" height=\"321\" srcset=\"https:\/\/www.ufla.br\/dcom\/wp-content\/uploads\/2012\/12\/12.12-Techs_foto-612x459.jpg 612w, https:\/\/www.ufla.br\/dcom\/wp-content\/uploads\/2012\/12\/12.12-Techs_foto-249x186.jpg 249w\" sizes=\"auto, (max-width: 428px) 100vw, 428px\" \/><\/a><figcaption id=\"caption-attachment-17594\" class=\"wp-caption-text\">Reitor da UFLA, professor Scolforo, com os demais participantes do evento<\/figcaption><\/figure>\n<p><strong><em>Ponto eletr\u00f4nico<\/em><\/strong><\/p>\n<p>Nesta ter\u00e7a-feira (11), o reitor da UFLA, acompanhado da pr\u00f3-reitora de Gest\u00e3o e Desenvolvimento de Pessoas (PRGD), professora Val\u00e9ria da Gl\u00f3ria Pereira Brito, participaram de reuni\u00e3o com o procurador da Rep\u00fablica Ant\u00f4nio Arthur Barros Mendes, tendo como pauta as recomenda\u00e7\u00f5es do Minist\u00e9rio P\u00fablico Federal (MPF) sobre o sistema de controle de frequ\u00eancia de servidores.<\/p>\n<p>O reitor levou a mensagem ao procurador de que a Dire\u00e7\u00e3o Executiva da UFLA tem envidado esfor\u00e7os no sentido de encontrar uma solu\u00e7\u00e3o para o atendimento da Lei Complementar n\u00ba 75\/93 e do Decreto n\u00ba 1867\/96, que disp\u00f5e sobre instrumento de registro de assiduidade e pontualidade dos servidores p\u00fablicos federais, com exig\u00eancia de controle eletr\u00f4nico de ponto.<\/p>\n<p>&nbsp;<\/p>\n","protected":false},"excerpt":{"rendered":"<p>Cibele Aguiar Na segunda-feira (10), o reitor da Universidade Federal de Lavras (UFLA), professor Jos\u00e9 Roberto Scolforo, participou da V Reuni\u00e3o T\u00e9cnico-Administrativa do Programa TECHS &#8211; Toler\u00e2ncia de Eucalyptus Clonais aos Estresses H\u00eddrico e T\u00e9rmico, a convite da Universidade da Carolina do Norte, sob a coordena\u00e7\u00e3o do professor Jos\u00e9 Luiz Stape (North Carolina State University). &hellip; <a href=\"https:\/\/www.ufla.br\/dcom\/2012\/12\/11\/cooperacao-internacional-e-gestao-de-pessoas-sao-temas-de-reunioes-do-reitor\/\" class=\"more-link\">Continue lendo <span class=\"screen-reader-text\">Coopera\u00e7\u00e3o internacional e gest\u00e3o de pessoas s\u00e3o temas de reuni\u00f5es do reitor<\/span> <span class=\"meta-nav\">&rarr;<\/span><\/a><\/p>\n","protected":false},"author":6,"featured_media":0,"comment_status":"closed","ping_status":"closed","sticky":false,"template":"","format":"standard","meta":{"ngg_post_thumbnail":0,"footnotes":""},"categories":[1,10],"tags":[432],"class_list":["post-17560","post","type-post","status-publish","format-standard","hentry","category-noticias","category-menores","tag-internacionalizacao"],"_links":{"self":[{"href":"https:\/\/www.ufla.br\/dcom\/wp-json\/wp\/v2\/posts\/17560","targetHints":{"allow":["GET"]}}],"collection":[{"href":"https:\/\/www.ufla.br\/dcom\/wp-json\/wp\/v2\/posts"}],"about":[{"href":"https:\/\/www.ufla.br\/dcom\/wp-json\/wp\/v2\/types\/post"}],"author":[{"embeddable":true,"href":"https:\/\/www.ufla.br\/dcom\/wp-json\/wp\/v2\/users\/6"}],"replies":[{"embeddable":true,"href":"https:\/\/www.ufla.br\/dcom\/wp-json\/wp\/v2\/comments?post=17560"}],"version-history":[{"count":4,"href":"https:\/\/www.ufla.br\/dcom\/wp-json\/wp\/v2\/posts\/17560\/revisions"}],"predecessor-version":[{"id":17563,"href":"https:\/\/www.ufla.br\/dcom\/wp-json\/wp\/v2\/posts\/17560\/revisions\/17563"}],"wp:attachment":[{"href":"https:\/\/www.ufla.br\/dcom\/wp-json\/wp\/v2\/media?parent=17560"}],"wp:term":[{"taxonomy":"category","embeddable":true,"href":"https:\/\/www.ufla.br\/dcom\/wp-json\/wp\/v2\/categories?post=17560"},{"taxonomy":"post_tag","embeddable":true,"href":"https:\/\/www.ufla.br\/dcom\/wp-json\/wp\/v2\/tags?post=17560"}],"curies":[{"name":"wp","href":"https:\/\/api.w.org\/{rel}","templated":true}]}}