{"id":17546,"date":"2012-12-11T11:06:23","date_gmt":"2012-12-11T13:06:23","guid":{"rendered":"http:\/\/www.ufla.br\/ascom\/?p=17546"},"modified":"2014-11-19T15:21:10","modified_gmt":"2014-11-19T17:21:10","slug":"empresas-parceiras-fazem-entrega-de-premios-aos-formandos-destaque-20121","status":"publish","type":"post","link":"https:\/\/www.ufla.br\/dcom\/2012\/12\/11\/empresas-parceiras-fazem-entrega-de-premios-aos-formandos-destaque-20121\/","title":{"rendered":"Empresas parceiras fazem entrega de pr\u00eamios aos formandos-destaque 2012\/1"},"content":{"rendered":"<h6>Cibele Aguiar<\/h6>\n<p><a href=\"http:\/\/www.ufla.br\/ascom\/wp-content\/uploads\/2012\/12\/DSC06086.jpg\"><img loading=\"lazy\" decoding=\"async\" class=\"alignright size-medium wp-image-17556\" title=\"DSC06086\" src=\"http:\/\/www.ufla.br\/ascom\/wp-content\/uploads\/2012\/12\/DSC06086-249x186.jpg\" alt=\"\" width=\"249\" height=\"186\" srcset=\"https:\/\/www.ufla.br\/dcom\/wp-content\/uploads\/2012\/12\/DSC06086-249x186.jpg 249w, https:\/\/www.ufla.br\/dcom\/wp-content\/uploads\/2012\/12\/DSC06086-612x459.jpg 612w, https:\/\/www.ufla.br\/dcom\/wp-content\/uploads\/2012\/12\/DSC06086.jpg 2048w\" sizes=\"auto, (max-width: 249px) 100vw, 249px\" \/><\/a>Na sexta-feira (7), representantes de empresas parceiras da Universidade Federal de Lavras (UFLA) participaram da solenidade de entrega de pr\u00eamios aos formandos 2012\/1, seguindo a tradi\u00e7\u00e3o depremiaros estudantes que obtiveram desempenho destacadoemsuavidaacad\u00eamica.<\/p>\n<p>A cerim\u00f4nia foi presidida pelo reitor da UFLA, professor Jos\u00e9 Roberto Scolforo, acompanhado da pr\u00f3-reitora de Gradua\u00e7\u00e3o, professora Soraya Alvarenga Botelho. Em seu pronunciamento, o reitor enfatizou a import\u00e2ncia das parcerias no fortalecimento da rela\u00e7\u00e3o universidade-empresa, refor\u00e7ando a necess\u00e1ria abertura da Universidade para garantir a efetiva transfer\u00eancia de conhecimento e tecnologias geradas em forma de produtos e processos inovadores que impactam a qualidade de vida da sociedade.<\/p>\n<p>Acompanhados de familiares e amigos, os estudantes premiados j\u00e1 ter\u00e3o em seus curr\u00edculos o diferencial de terem sido destacados por empresas e institui\u00e7\u00f5es de classe com reconhecimento no mercado de trabalho.\u00a0 <strong>\u00a0<\/strong><\/p>\n<figure id=\"attachment_17557\" aria-describedby=\"caption-attachment-17557\" style=\"width: 612px\" class=\"wp-caption aligncenter\"><a href=\"http:\/\/www.ufla.br\/ascom\/wp-content\/uploads\/2012\/12\/10.12-scolforo-com-parceiros1.jpg\"><img loading=\"lazy\" decoding=\"async\" class=\"size-large wp-image-17557\" title=\"10.12 scolforo com parceiros\" src=\"http:\/\/www.ufla.br\/ascom\/wp-content\/uploads\/2012\/12\/10.12-scolforo-com-parceiros1-612x299.jpg\" alt=\"\" width=\"612\" height=\"299\" srcset=\"https:\/\/www.ufla.br\/dcom\/wp-content\/uploads\/2012\/12\/10.12-scolforo-com-parceiros1-612x299.jpg 612w, https:\/\/www.ufla.br\/dcom\/wp-content\/uploads\/2012\/12\/10.12-scolforo-com-parceiros1-249x121.jpg 249w, https:\/\/www.ufla.br\/dcom\/wp-content\/uploads\/2012\/12\/10.12-scolforo-com-parceiros1.jpg 824w\" sizes=\"auto, (max-width: 612px) 100vw, 612px\" \/><\/a><figcaption id=\"caption-attachment-17557\" class=\"wp-caption-text\">Reitor da UFLA com representantes de empresas parceiras<\/figcaption><\/figure>\n<p>Veja a lista de empresas e estudantes premiados:<\/p>\n<p><strong>Agronomia <\/strong><\/p>\n<p>Pr\u00eamio <a href=\"http:\/\/www.syngenta.com\/country\/br\/pt\/Pages\/home.aspx\">Syngenta<\/a>: representante Evandro Andrade de Souza Junior<\/p>\n<p>Estudante premiado: Paulo Victor Augusto de Azevedo de Paula<\/p>\n<p><strong>Medicina Veterin\u00e1ria<\/strong><\/p>\n<p>Pr\u00eamio do <a href=\"http:\/\/www.crmvmg.org.br\/novoportal\/Principal\/home.aspx\">Conselho Regional de Medicina Veterin\u00e1ria <\/a>(CRMV): Adauto Ferreira Barcelos<\/p>\n<p>Estudante premiado: Bruna Martelli Palomino<\/p>\n<p>Pr\u00eamio <a href=\"http:\/\/www.ourofino.com\/saude-animal\/\">Ouro Fino Sa\u00fade Animal<\/a>: representante Ant\u00f4nio Moreira Neto<\/p>\n<p>Estudante premiada: Mariana Tiai Kihara<\/p>\n<p><strong>Zootecnia<\/strong><\/p>\n<p>Pr\u00eamio do <a href=\"http:\/\/www.crmvmg.org.br\/novoportal\/Principal\/home.aspx\">Conselho Regional de Medicina Veterin\u00e1ria <\/a>(CRMV): Adauto Ferreira Barcelos<\/p>\n<p>Estudante premiada: Nicole Batelli de Souza Nardelli<\/p>\n<p>Pr\u00eamio <a href=\"http:\/\/www.guabi.com.br\/2011\/\">Guabi<\/a>: representante Nicholas Vilela de Souza<\/p>\n<p>Estudante premiada: Josiane Pereira dos Santos<\/p>\n<p><strong>Engenharia Agr\u00edcola<\/strong><\/p>\n<p><a href=\"http:\/\/www.pinhalense.com.br\/\">Pinhalense<\/a>: representante Cl\u00e1udio Henrique Cipoli Pedroso<\/p>\n<p>Estudante premiado: Rafael Alvarenga Almeida<\/p>\n<p><strong>Engenharia Florestal <\/strong><\/p>\n<p>Pr\u00eamio Tubo Verde &#8211; <a href=\"http:\/\/www.vmtubes.com.br\/vmbinternet\/calandra.nsf\/wehp\/HPTInternet-0000\">Vallourec &amp; Mannesmann Florestal Ltda<\/a>.: representante Helder Bolognani Andrade<\/p>\n<p>Estudante premiada: Thais de Oliveira Fontes Martins<\/p>\n<p><strong>Administra\u00e7\u00e3o<\/strong><\/p>\n<p><a href=\"http:\/\/www.expressonepomuceno.com.br\/home\/\">Expresso Nepomuceno<\/a>: representante Agnaldo de Souza<\/p>\n<p>Estudante premiado: Luis Guilherme Rodrigues Antunes<\/p>\n<p><strong>Qu\u00edmica<\/strong><\/p>\n<p>Pr\u00eamio do <a href=\"http:\/\/www.dqi.ufla.br\/\">Departamento de Qu\u00edmica (DQI): <\/a>representante M\u00e1rcio Pozzobon Pedroso<strong> <\/strong><\/p>\n<p>Estudante premiada: Hellem Renata Moreira<\/p>\n<p><strong>Sistemas de Informa\u00e7\u00e3o<\/strong><\/p>\n<p>Pr\u00eamio da <a href=\"http:\/\/www.sbc.org.br\/\">Sociedade Brasileira de Computa\u00e7\u00e3o (SBC): <\/a>representante Heitor Augustus Xavier Costa<\/p>\n<p>Estudante premiado: Alan Filipe Sant&#8217;ana<\/p>\n<p><strong>Ci\u00eancia da Computa\u00e7\u00e3o<\/strong><\/p>\n<p>Pr\u00eamio da <a href=\"http:\/\/www.sbc.org.br\/\">Sociedade Brasileira de Computa\u00e7\u00e3o (SBC): <\/a>representante Heitor Augustus Xavier Costa<\/p>\n<p>Estudante premiado: Michel Melo da Silva<\/p>\n<p><strong>Ci\u00eancias Biol\u00f3gicas<\/strong><\/p>\n<p>Pr\u00eamio <a href=\"http:\/\/www.ahefunil.com.br\/home\/\">AHE Funil<\/a>: representante Ros\u00e2ngela Alves Trist\u00e3o Bor\u00e9m<\/p>\n<p>Estudante premiada: Nath\u00e1lia Silva de Carvalho<\/p>\n<p><strong>Engenharia de Alimentos<\/strong><\/p>\n<p>Pr\u00eamio <a href=\"http:\/\/www.vimilk.com.br\/\">Vimilk<\/a>: representante Leonardo Reis Rodrigues<\/p>\n<p>Estudante premiada: Mariana Riani Massari<\/p>\n<p><strong>Educa\u00e7\u00e3o F\u00edsica<\/strong><\/p>\n<p>Pr\u00eamio \u00c1gua Brasil \u2013 <a href=\"http:\/\/www.acquabrasil.com.br\/\">\u00c1gua Brasil Academia<\/a>: representante Daniele Cristina Rodrigues Maciel<\/p>\n<p>Estudante premiado: Rony Ribeiro de Carvalho<\/p>\n<p><strong>Matem\u00e1tica<\/strong><\/p>\n<p>Pr\u00eamio da <a href=\"http:\/\/www.sbm.org.br\/\">Sociedade Brasileira de Matem\u00e1tica (SBM): <\/a>representante Osnel Broche Cristo<\/p>\n<p>Estudante premiada: Fernanda Cristina Janoel<\/p>\n<p>Veja a galeria de fotos. Clique na primeira foto e siga a seta para abrir as demais em tamanho expandido<\/p>\nngg_shortcode_0_placeholder\n<p>&nbsp;<\/p>\n<p>&nbsp;<\/p>\n<p>&nbsp;<\/p>\n","protected":false},"excerpt":{"rendered":"<p>Cibele Aguiar Na sexta-feira (7), representantes de empresas parceiras da Universidade Federal de Lavras (UFLA) participaram da solenidade de entrega de pr\u00eamios aos formandos 2012\/1, seguindo a tradi\u00e7\u00e3o depremiaros estudantes que obtiveram desempenho destacadoemsuavidaacad\u00eamica. A cerim\u00f4nia foi presidida pelo reitor da UFLA, professor Jos\u00e9 Roberto Scolforo, acompanhado da pr\u00f3-reitora de Gradua\u00e7\u00e3o, professora Soraya Alvarenga Botelho. &hellip; <a href=\"https:\/\/www.ufla.br\/dcom\/2012\/12\/11\/empresas-parceiras-fazem-entrega-de-premios-aos-formandos-destaque-20121\/\" class=\"more-link\">Continue lendo <span class=\"screen-reader-text\">Empresas parceiras fazem entrega de pr\u00eamios aos formandos-destaque 2012\/1<\/span> <span class=\"meta-nav\">&rarr;<\/span><\/a><\/p>\n","protected":false},"author":6,"featured_media":0,"comment_status":"closed","ping_status":"closed","sticky":false,"template":"","format":"standard","meta":{"ngg_post_thumbnail":0,"footnotes":""},"categories":[1],"tags":[],"class_list":["post-17546","post","type-post","status-publish","format-standard","hentry","category-noticias"],"_links":{"self":[{"href":"https:\/\/www.ufla.br\/dcom\/wp-json\/wp\/v2\/posts\/17546","targetHints":{"allow":["GET"]}}],"collection":[{"href":"https:\/\/www.ufla.br\/dcom\/wp-json\/wp\/v2\/posts"}],"about":[{"href":"https:\/\/www.ufla.br\/dcom\/wp-json\/wp\/v2\/types\/post"}],"author":[{"embeddable":true,"href":"https:\/\/www.ufla.br\/dcom\/wp-json\/wp\/v2\/users\/6"}],"replies":[{"embeddable":true,"href":"https:\/\/www.ufla.br\/dcom\/wp-json\/wp\/v2\/comments?post=17546"}],"version-history":[{"count":9,"href":"https:\/\/www.ufla.br\/dcom\/wp-json\/wp\/v2\/posts\/17546\/revisions"}],"predecessor-version":[{"id":17552,"href":"https:\/\/www.ufla.br\/dcom\/wp-json\/wp\/v2\/posts\/17546\/revisions\/17552"}],"wp:attachment":[{"href":"https:\/\/www.ufla.br\/dcom\/wp-json\/wp\/v2\/media?parent=17546"}],"wp:term":[{"taxonomy":"category","embeddable":true,"href":"https:\/\/www.ufla.br\/dcom\/wp-json\/wp\/v2\/categories?post=17546"},{"taxonomy":"post_tag","embeddable":true,"href":"https:\/\/www.ufla.br\/dcom\/wp-json\/wp\/v2\/tags?post=17546"}],"curies":[{"name":"wp","href":"https:\/\/api.w.org\/{rel}","templated":true}]}}