{"id":17481,"date":"2012-12-10T09:53:27","date_gmt":"2012-12-10T12:53:27","guid":{"rendered":"http:\/\/www.ufla.br\/ascom\/?p=17481"},"modified":"2012-12-12T08:02:54","modified_gmt":"2012-12-12T11:02:54","slug":"nova-diretoria-da-adufla-toma-posse","status":"publish","type":"post","link":"https:\/\/www.ufla.br\/dcom\/2012\/12\/10\/nova-diretoria-da-adufla-toma-posse\/","title":{"rendered":"Nova Diretoria da Adufla toma posse"},"content":{"rendered":"<p><a href=\"http:\/\/www.ufla.br\/ascom\/wp-content\/uploads\/2012\/12\/10.12-nova-diretoria-adufla1.jpg\"><img loading=\"lazy\" decoding=\"async\" class=\"alignright size-medium wp-image-17484\" title=\"10.12 nova diretoria adufla\" src=\"http:\/\/www.ufla.br\/ascom\/wp-content\/uploads\/2012\/12\/10.12-nova-diretoria-adufla1-249x182.jpg\" alt=\"\" width=\"249\" height=\"182\" srcset=\"https:\/\/www.ufla.br\/dcom\/wp-content\/uploads\/2012\/12\/10.12-nova-diretoria-adufla1-249x182.jpg 249w, https:\/\/www.ufla.br\/dcom\/wp-content\/uploads\/2012\/12\/10.12-nova-diretoria-adufla1-612x448.jpg 612w, https:\/\/www.ufla.br\/dcom\/wp-content\/uploads\/2012\/12\/10.12-nova-diretoria-adufla1.jpg 717w\" sizes=\"auto, (max-width: 249px) 100vw, 249px\" \/><\/a>Na quinta-feira (6), a nova diretoria da Se\u00e7\u00e3o Sindical dos Docentes da Universidade Federal de Lavras (Adufla) tomou posse em reuni\u00e3o no anfiteatro do Departamento de Agricultura (DAG). Os novos membros foram eleitos no dia 27 de novembro, quando os professores da UFLA aclamaram a chapa \u00fanica e elegeram o Conselho Deliberativo, para a gest\u00e3o 2013 e 2014.<\/p>\n<p>A chapa eleita \u00e9 formada pelos professores Eust\u00e1quio Souza Dias \u2013 DBI (presidente); Eric Fernandes de Mello Ara\u00fajo \u2013 DCC (vice-presidente); Francisval de Melo Carvalho \u2013 DAE (tesoureiro); Ana Paula Piovesan Melchiori \u2013 DCC (2\u00aa tesoureira); Amanda Castro Oliveira \u2013 DEX (1\u00aa secret\u00e1ria); e Lu\u00eds Ant\u00f4nio Coimbra Borges \u2013 DCF (2\u00ba secret\u00e1rio).<\/p>\n<p>O Conselho Deliberativo \u00e9 formado pelos docentes: Samuel Pereira de Carvalho (DAG); Elias Rodrigues de Oliveira (DAE); Raimundo Vicente de Sousa (DMV); Gustavo Henrique Denzin Tonoli (DCF) e Adriana Kimi Nakamura (DBI). Jos\u00e9 Monserrat Neto (DCC) e Nelson Venturin (DCF) s\u00e3o suplentes.<\/p>\n<p>&nbsp;<\/p>\n","protected":false},"excerpt":{"rendered":"<p>Na quinta-feira (6), a nova diretoria da Se\u00e7\u00e3o Sindical dos Docentes da Universidade Federal de Lavras (Adufla) tomou posse em reuni\u00e3o no anfiteatro do Departamento de Agricultura (DAG). Os novos membros foram eleitos no dia 27 de novembro, quando os professores da UFLA aclamaram a chapa \u00fanica e elegeram o Conselho Deliberativo, para a gest\u00e3o &hellip; <a href=\"https:\/\/www.ufla.br\/dcom\/2012\/12\/10\/nova-diretoria-da-adufla-toma-posse\/\" class=\"more-link\">Continue lendo <span class=\"screen-reader-text\">Nova Diretoria da Adufla toma posse<\/span> <span class=\"meta-nav\">&rarr;<\/span><\/a><\/p>\n","protected":false},"author":6,"featured_media":0,"comment_status":"closed","ping_status":"closed","sticky":false,"template":"","format":"standard","meta":{"ngg_post_thumbnail":0,"footnotes":""},"categories":[1,10],"tags":[],"class_list":["post-17481","post","type-post","status-publish","format-standard","hentry","category-noticias","category-menores"],"_links":{"self":[{"href":"https:\/\/www.ufla.br\/dcom\/wp-json\/wp\/v2\/posts\/17481","targetHints":{"allow":["GET"]}}],"collection":[{"href":"https:\/\/www.ufla.br\/dcom\/wp-json\/wp\/v2\/posts"}],"about":[{"href":"https:\/\/www.ufla.br\/dcom\/wp-json\/wp\/v2\/types\/post"}],"author":[{"embeddable":true,"href":"https:\/\/www.ufla.br\/dcom\/wp-json\/wp\/v2\/users\/6"}],"replies":[{"embeddable":true,"href":"https:\/\/www.ufla.br\/dcom\/wp-json\/wp\/v2\/comments?post=17481"}],"version-history":[{"count":4,"href":"https:\/\/www.ufla.br\/dcom\/wp-json\/wp\/v2\/posts\/17481\/revisions"}],"predecessor-version":[{"id":17579,"href":"https:\/\/www.ufla.br\/dcom\/wp-json\/wp\/v2\/posts\/17481\/revisions\/17579"}],"wp:attachment":[{"href":"https:\/\/www.ufla.br\/dcom\/wp-json\/wp\/v2\/media?parent=17481"}],"wp:term":[{"taxonomy":"category","embeddable":true,"href":"https:\/\/www.ufla.br\/dcom\/wp-json\/wp\/v2\/categories?post=17481"},{"taxonomy":"post_tag","embeddable":true,"href":"https:\/\/www.ufla.br\/dcom\/wp-json\/wp\/v2\/tags?post=17481"}],"curies":[{"name":"wp","href":"https:\/\/api.w.org\/{rel}","templated":true}]}}