{"id":17442,"date":"2012-12-07T13:56:01","date_gmt":"2012-12-07T16:56:01","guid":{"rendered":"http:\/\/www.ufla.br\/ascom\/?p=17442"},"modified":"2013-01-08T10:27:38","modified_gmt":"2013-01-08T13:27:38","slug":"nemip-promove-ii-ciclo-de-palestras","status":"publish","type":"post","link":"https:\/\/www.ufla.br\/dcom\/2012\/12\/07\/nemip-promove-ii-ciclo-de-palestras\/","title":{"rendered":"Nemip promove II Ciclo de Palestras"},"content":{"rendered":"<h6><a href=\"http:\/\/www.ufla.br\/ascom\/index.php\/2012\/12\/nemip-promove-ii-ciclo-de-palestras\/nemip\/\" rel=\"attachment wp-att-17447\"><img loading=\"lazy\" decoding=\"async\" class=\"alignleft size-medium wp-image-17447\" title=\"\" alt=\"\" src=\"http:\/\/www.ufla.br\/ascom\/wp-content\/uploads\/2012\/12\/Nemip-249x186.jpg\" width=\"249\" height=\"186\" srcset=\"https:\/\/www.ufla.br\/dcom\/wp-content\/uploads\/2012\/12\/Nemip-249x186.jpg 249w, https:\/\/www.ufla.br\/dcom\/wp-content\/uploads\/2012\/12\/Nemip.jpg 400w\" sizes=\"auto, (max-width: 249px) 100vw, 249px\" \/><\/a><\/h6>\n<p>O N\u00facleo de Estudos em Manejo Integrado de Pragas (Nemip) promover\u00e1, nos dias 11 e 12, o seu II Ciclo de Palestras, explorando o tema: <em>Manejo integrado de pragas e mercado de trabalho na agricultura<\/em>. As palestras ser\u00e3o ministradas no Anfiteatro do Departamento de Entomologia, a partir das 18 horas, e as inscri\u00e7\u00f5es j\u00e1 podem ser feitas na Cantina Central, no valor de R$ 15,00.<\/p>\n<p>O Nemip iniciou suas atividades em 2009, com o intuito de expandir as atividades al\u00e9m da sala de aula e de aprofundar as pesquisas no manejo integrado de pragas. A uni\u00e3o de estudantes, p\u00f3s-graduandos e docentes envolvidos em ci\u00eancias agr\u00e1rias e a conscientiza\u00e7\u00e3o\u00a0 sobre o papel do manejo integrado das pragas no processo produtivo tamb\u00e9m est\u00e3o entre os objetivos do evento e do Nemip.<\/p>\n<p>Para mais informa\u00e7\u00f5es sobre o N\u00facleo, acesse: <a href=\"http:\/\/www.nucleoestudo.ufla.br\/nemip\/\">http:\/\/www.nucleoestudo.ufla.br\/nemip\/<\/a>.<\/p>\n<p>&nbsp;<\/p>\n","protected":false},"excerpt":{"rendered":"<p>O N\u00facleo de Estudos em Manejo Integrado de Pragas (Nemip) promover\u00e1, nos dias 11 e 12, o seu II Ciclo de Palestras, explorando o tema: Manejo integrado de pragas e mercado de trabalho na agricultura. As palestras ser\u00e3o ministradas no Anfiteatro do Departamento de Entomologia, a partir das 18 horas, e as inscri\u00e7\u00f5es j\u00e1 podem &hellip; <a href=\"https:\/\/www.ufla.br\/dcom\/2012\/12\/07\/nemip-promove-ii-ciclo-de-palestras\/\" class=\"more-link\">Continue lendo <span class=\"screen-reader-text\">Nemip promove II Ciclo de Palestras<\/span> <span class=\"meta-nav\">&rarr;<\/span><\/a><\/p>\n","protected":false},"author":8,"featured_media":0,"comment_status":"closed","ping_status":"closed","sticky":false,"template":"","format":"standard","meta":{"ngg_post_thumbnail":0,"footnotes":""},"categories":[1,10],"tags":[],"class_list":["post-17442","post","type-post","status-publish","format-standard","hentry","category-noticias","category-menores"],"_links":{"self":[{"href":"https:\/\/www.ufla.br\/dcom\/wp-json\/wp\/v2\/posts\/17442","targetHints":{"allow":["GET"]}}],"collection":[{"href":"https:\/\/www.ufla.br\/dcom\/wp-json\/wp\/v2\/posts"}],"about":[{"href":"https:\/\/www.ufla.br\/dcom\/wp-json\/wp\/v2\/types\/post"}],"author":[{"embeddable":true,"href":"https:\/\/www.ufla.br\/dcom\/wp-json\/wp\/v2\/users\/8"}],"replies":[{"embeddable":true,"href":"https:\/\/www.ufla.br\/dcom\/wp-json\/wp\/v2\/comments?post=17442"}],"version-history":[{"count":5,"href":"https:\/\/www.ufla.br\/dcom\/wp-json\/wp\/v2\/posts\/17442\/revisions"}],"predecessor-version":[{"id":17451,"href":"https:\/\/www.ufla.br\/dcom\/wp-json\/wp\/v2\/posts\/17442\/revisions\/17451"}],"wp:attachment":[{"href":"https:\/\/www.ufla.br\/dcom\/wp-json\/wp\/v2\/media?parent=17442"}],"wp:term":[{"taxonomy":"category","embeddable":true,"href":"https:\/\/www.ufla.br\/dcom\/wp-json\/wp\/v2\/categories?post=17442"},{"taxonomy":"post_tag","embeddable":true,"href":"https:\/\/www.ufla.br\/dcom\/wp-json\/wp\/v2\/tags?post=17442"}],"curies":[{"name":"wp","href":"https:\/\/api.w.org\/{rel}","templated":true}]}}