{"id":17392,"date":"2012-12-06T16:06:58","date_gmt":"2012-12-06T18:06:58","guid":{"rendered":"http:\/\/www.ufla.br\/ascom\/?p=17392"},"modified":"2014-11-19T15:21:17","modified_gmt":"2014-11-19T17:21:17","slug":"grupo-magia-da-fisica-e-do-universo-realiza-oficina-de-astronomia-neste-sabado-e-lanca-projeto-fisica-divertida","status":"publish","type":"post","link":"https:\/\/www.ufla.br\/dcom\/2012\/12\/06\/grupo-magia-da-fisica-e-do-universo-realiza-oficina-de-astronomia-neste-sabado-e-lanca-projeto-fisica-divertida\/","title":{"rendered":"Grupo Magia da F\u00edsica e do Universo realiza oficina de Astronomia neste s\u00e1bado e lan\u00e7a projeto F\u00edsica Divertida"},"content":{"rendered":"<h6>Cibele Aguiar<\/h6>\n<p><a href=\"http:\/\/www.ufla.br\/ascom\/wp-content\/uploads\/2012\/12\/06.12-festa-das-estrelas.jpg\"><img loading=\"lazy\" decoding=\"async\" class=\"alignleft size-medium wp-image-17393\" title=\"06.12 festa das estrelas\" src=\"http:\/\/www.ufla.br\/ascom\/wp-content\/uploads\/2012\/12\/06.12-festa-das-estrelas-249x187.jpg\" alt=\"\" width=\"249\" height=\"187\" srcset=\"https:\/\/www.ufla.br\/dcom\/wp-content\/uploads\/2012\/12\/06.12-festa-das-estrelas-249x187.jpg 249w, https:\/\/www.ufla.br\/dcom\/wp-content\/uploads\/2012\/12\/06.12-festa-das-estrelas-612x461.jpg 612w, https:\/\/www.ufla.br\/dcom\/wp-content\/uploads\/2012\/12\/06.12-festa-das-estrelas.jpg 650w\" sizes=\"auto, (max-width: 249px) 100vw, 249px\" \/><\/a>Neste s\u00e1bado (8), o &#8220;Projeto A Magia da F\u00edsica e do Universo&#8221; dar\u00e1 continuidade \u00e0 Oficina de Astronomia intitulada &#8220;Festa das Estrelas&#8221;, que visa \u00e0 divulga\u00e7\u00e3o e populariza\u00e7\u00e3o dos conhecimentos desta Ci\u00eancia Natural. Dentre as atividades, o participante ser\u00e1 orientado como observar o c\u00e9u a olho nu e com telesc\u00f3pio, al\u00e9m de pequenos tutoriais para o uso da \u00faltima vers\u00e3o do software \u201cStellarium\u201d.<\/p>\n<p>A oficina ser\u00e1 realizada, \u00e0s 19 horas, no Museu de Hist\u00f3ria Natural da Universidade Federal de Lavras &#8211; Campus Hist\u00f3rico da UFLA. \u00c9 aberta a todas as faixas et\u00e1rias da comunidade em geral.<\/p>\n<p>No s\u00e1bado (8), tamb\u00e9m ser\u00e1 lan\u00e7ado o Ciclo de Filmes \u201cA f\u00edsica divertida\u201d, que em dezembro ter\u00e1 em sua programa\u00e7\u00e3o dois filmes que contam a vida de super-her\u00f3is de hist\u00f3rias em quadrinhos. As exibi\u00e7\u00f5es ser\u00e3o \u00e0s 16 horas, no Museu de Hist\u00f3ria Natural da UFLA.<\/p>\n<p>De acordo com o professor Jos\u00e9 Alberto Casto Nogales Vera, coordenador do projeto \u201cMagia da F\u00edsica e do Universo\u201d, as hist\u00f3rias em quadrinhos levadas para o cinema criaram a oportunidade de estudar, de forma divertida, t\u00f3picos importantes em ci\u00eancias, como filosofia, sociologia e f\u00edsica. Nesse sentido, o ciclo de filmes trabalhar\u00e1 t\u00f3picos de f\u00edsica; cinem\u00e1tica, din\u00e2mica, conserva\u00e7\u00e3o da energia e gravita\u00e7\u00e3o (temas principais discutidos no conte\u00fado acad\u00eamico).<\/p>\n<p><strong>7 de Dezembro: <em>X- Men Origins Wolverine<\/em> (2009)<\/strong><\/p>\n<p>O personagem Wolverine foi criado por Len Wein e Herb Trimpe nos anos 70. Ele \u00e9 um personagem que foi apresentado apenas como sendo um agente super-humano do governo canadense. O passado de Wolverine sempre foi coberto de mist\u00e9rio. Cobaia de uma experi\u00eancia governamental (o Programa Arma X) Logan pouco sabe sobre sua vida anterior, pois teve mem\u00f3rias falsas implantadas pelos militares.<\/p>\n<p><strong>14 de Dezembro: Os Vingadores (2012)<\/strong><\/p>\n<p>Os vingadores s\u00e3o um grupo de super-her\u00f3is de historia em quadrinhos publicados nos Estados Unidos pela editora <em>Marvel Comics<\/em>. Na hist\u00f3rica ficcional do grupo, seus membros fundadores s\u00e3o her\u00f3is consagrados da editora: Thor, Homem de Ferro, Hulk, Capit\u00e3o America foi o primeiro membro recrutado. No universo fict\u00edcio de hist\u00f3rias em quadrinhos da Marvel, a equipe tradicionalmente \u00e9 a primeira a ser chamada pelo governo dos EUA quando defrontado por desafios de ordem c\u00f3smica.<\/p>\n<p align=\"center\">\u00a0<\/p>\n","protected":false},"excerpt":{"rendered":"<p>Cibele Aguiar Neste s\u00e1bado (8), o &#8220;Projeto A Magia da F\u00edsica e do Universo&#8221; dar\u00e1 continuidade \u00e0 Oficina de Astronomia intitulada &#8220;Festa das Estrelas&#8221;, que visa \u00e0 divulga\u00e7\u00e3o e populariza\u00e7\u00e3o dos conhecimentos desta Ci\u00eancia Natural. Dentre as atividades, o participante ser\u00e1 orientado como observar o c\u00e9u a olho nu e com telesc\u00f3pio, al\u00e9m de pequenos &hellip; <a href=\"https:\/\/www.ufla.br\/dcom\/2012\/12\/06\/grupo-magia-da-fisica-e-do-universo-realiza-oficina-de-astronomia-neste-sabado-e-lanca-projeto-fisica-divertida\/\" class=\"more-link\">Continue lendo <span class=\"screen-reader-text\">Grupo Magia da F\u00edsica e do Universo realiza oficina de Astronomia neste s\u00e1bado e lan\u00e7a projeto F\u00edsica Divertida<\/span> <span class=\"meta-nav\">&rarr;<\/span><\/a><\/p>\n","protected":false},"author":6,"featured_media":0,"comment_status":"closed","ping_status":"closed","sticky":false,"template":"","format":"standard","meta":{"ngg_post_thumbnail":0,"footnotes":""},"categories":[1],"tags":[],"class_list":["post-17392","post","type-post","status-publish","format-standard","hentry","category-noticias"],"_links":{"self":[{"href":"https:\/\/www.ufla.br\/dcom\/wp-json\/wp\/v2\/posts\/17392","targetHints":{"allow":["GET"]}}],"collection":[{"href":"https:\/\/www.ufla.br\/dcom\/wp-json\/wp\/v2\/posts"}],"about":[{"href":"https:\/\/www.ufla.br\/dcom\/wp-json\/wp\/v2\/types\/post"}],"author":[{"embeddable":true,"href":"https:\/\/www.ufla.br\/dcom\/wp-json\/wp\/v2\/users\/6"}],"replies":[{"embeddable":true,"href":"https:\/\/www.ufla.br\/dcom\/wp-json\/wp\/v2\/comments?post=17392"}],"version-history":[{"count":4,"href":"https:\/\/www.ufla.br\/dcom\/wp-json\/wp\/v2\/posts\/17392\/revisions"}],"predecessor-version":[{"id":17396,"href":"https:\/\/www.ufla.br\/dcom\/wp-json\/wp\/v2\/posts\/17392\/revisions\/17396"}],"wp:attachment":[{"href":"https:\/\/www.ufla.br\/dcom\/wp-json\/wp\/v2\/media?parent=17392"}],"wp:term":[{"taxonomy":"category","embeddable":true,"href":"https:\/\/www.ufla.br\/dcom\/wp-json\/wp\/v2\/categories?post=17392"},{"taxonomy":"post_tag","embeddable":true,"href":"https:\/\/www.ufla.br\/dcom\/wp-json\/wp\/v2\/tags?post=17392"}],"curies":[{"name":"wp","href":"https:\/\/api.w.org\/{rel}","templated":true}]}}