{"id":17106,"date":"2012-11-30T13:33:41","date_gmt":"2012-11-30T16:33:41","guid":{"rendered":"http:\/\/www.ufla.br\/ascom\/?p=17106"},"modified":"2012-12-04T07:23:15","modified_gmt":"2012-12-04T10:23:15","slug":"grupo-de-teatro-virundangas-faz-apresentacao-na-ufla-veja-galeria-de-fotos","status":"publish","type":"post","link":"https:\/\/www.ufla.br\/dcom\/2012\/11\/30\/grupo-de-teatro-virundangas-faz-apresentacao-na-ufla-veja-galeria-de-fotos\/","title":{"rendered":"Grupo de teatro Virundangas faz apresenta\u00e7\u00e3o na UFLA \u2013 Veja galeria de fotos"},"content":{"rendered":"<h6>Cibele Aguiar<\/h6>\n<p><a href=\"http:\/\/www.ufla.br\/ascom\/wp-content\/uploads\/2012\/11\/30.11-teatro.jpg\"><img loading=\"lazy\" decoding=\"async\" class=\"alignright size-medium wp-image-17107\" title=\"30.11 teatro\" src=\"http:\/\/www.ufla.br\/ascom\/wp-content\/uploads\/2012\/11\/30.11-teatro-249x186.jpg\" alt=\"\" width=\"249\" height=\"186\" srcset=\"https:\/\/www.ufla.br\/dcom\/wp-content\/uploads\/2012\/11\/30.11-teatro-249x186.jpg 249w, https:\/\/www.ufla.br\/dcom\/wp-content\/uploads\/2012\/11\/30.11-teatro-612x459.jpg 612w, https:\/\/www.ufla.br\/dcom\/wp-content\/uploads\/2012\/11\/30.11-teatro.jpg 2048w\" sizes=\"auto, (max-width: 249px) 100vw, 249px\" \/><\/a>Na quarta-feira (28), o Grupo Teatral Virundangas fez a apresenta\u00e7\u00e3o do seu mais recente espet\u00e1culo, Minotauro, na Cantina Central, dentro da programa\u00e7\u00e3o cultural da 7\u00aa edi\u00e7\u00e3o do Congresso de Extens\u00e3o da Universidade Federal de Lavras (Conex). A comunidade acad\u00eamica prestigiou o evento, refor\u00e7ando a import\u00e2ncia de eventos culturais no c\u00e2mpus da Universidade.<\/p>\n<p>O Virundangas &#8211; Grupo de Investiga\u00e7\u00e3o C\u00eanica &#8211; \u00e9 composto por artistas egressos da Universidade Federal de Ouro Preto, que t\u00eam por objetivo a investiga\u00e7\u00e3o c\u00eanico-musical de obras liter\u00e1rias e dramat\u00fargicas, como tamb\u00e9m o desenvolvimento de projetos em Arte-Educa\u00e7\u00e3o.<\/p>\n<p>Veja a galeria de fotos \u2013 clique na primeira foto e siga a seta para abrir as demais em tamanho expandido.<\/p>\nngg_shortcode_0_placeholder\n<p>&nbsp;<\/p>\n","protected":false},"excerpt":{"rendered":"<p>Cibele Aguiar Na quarta-feira (28), o Grupo Teatral Virundangas fez a apresenta\u00e7\u00e3o do seu mais recente espet\u00e1culo, Minotauro, na Cantina Central, dentro da programa\u00e7\u00e3o cultural da 7\u00aa edi\u00e7\u00e3o do Congresso de Extens\u00e3o da Universidade Federal de Lavras (Conex). A comunidade acad\u00eamica prestigiou o evento, refor\u00e7ando a import\u00e2ncia de eventos culturais no c\u00e2mpus da Universidade. O &hellip; <a href=\"https:\/\/www.ufla.br\/dcom\/2012\/11\/30\/grupo-de-teatro-virundangas-faz-apresentacao-na-ufla-veja-galeria-de-fotos\/\" class=\"more-link\">Continue lendo <span class=\"screen-reader-text\">Grupo de teatro Virundangas faz apresenta\u00e7\u00e3o na UFLA \u2013 Veja galeria de fotos<\/span> <span class=\"meta-nav\">&rarr;<\/span><\/a><\/p>\n","protected":false},"author":6,"featured_media":0,"comment_status":"closed","ping_status":"closed","sticky":false,"template":"","format":"standard","meta":{"ngg_post_thumbnail":0,"footnotes":""},"categories":[1,10],"tags":[382],"class_list":["post-17106","post","type-post","status-publish","format-standard","hentry","category-noticias","category-menores","tag-congressos"],"_links":{"self":[{"href":"https:\/\/www.ufla.br\/dcom\/wp-json\/wp\/v2\/posts\/17106","targetHints":{"allow":["GET"]}}],"collection":[{"href":"https:\/\/www.ufla.br\/dcom\/wp-json\/wp\/v2\/posts"}],"about":[{"href":"https:\/\/www.ufla.br\/dcom\/wp-json\/wp\/v2\/types\/post"}],"author":[{"embeddable":true,"href":"https:\/\/www.ufla.br\/dcom\/wp-json\/wp\/v2\/users\/6"}],"replies":[{"embeddable":true,"href":"https:\/\/www.ufla.br\/dcom\/wp-json\/wp\/v2\/comments?post=17106"}],"version-history":[{"count":3,"href":"https:\/\/www.ufla.br\/dcom\/wp-json\/wp\/v2\/posts\/17106\/revisions"}],"predecessor-version":[{"id":17109,"href":"https:\/\/www.ufla.br\/dcom\/wp-json\/wp\/v2\/posts\/17106\/revisions\/17109"}],"wp:attachment":[{"href":"https:\/\/www.ufla.br\/dcom\/wp-json\/wp\/v2\/media?parent=17106"}],"wp:term":[{"taxonomy":"category","embeddable":true,"href":"https:\/\/www.ufla.br\/dcom\/wp-json\/wp\/v2\/categories?post=17106"},{"taxonomy":"post_tag","embeddable":true,"href":"https:\/\/www.ufla.br\/dcom\/wp-json\/wp\/v2\/tags?post=17106"}],"curies":[{"name":"wp","href":"https:\/\/api.w.org\/{rel}","templated":true}]}}