{"id":17068,"date":"2012-11-30T10:34:32","date_gmt":"2012-11-30T13:34:32","guid":{"rendered":"http:\/\/www.ufla.br\/ascom\/?p=17068"},"modified":"2012-12-03T09:50:07","modified_gmt":"2012-12-03T12:50:07","slug":"ciufla-conex-e-congresso-de-pos-graduacao-entregam-premiacoes-nesta-tarde","status":"publish","type":"post","link":"https:\/\/www.ufla.br\/dcom\/2012\/11\/30\/ciufla-conex-e-congresso-de-pos-graduacao-entregam-premiacoes-nesta-tarde\/","title":{"rendered":"Ciufla, Conex e Congresso de P\u00f3s-Gradua\u00e7\u00e3o entregam premia\u00e7\u00f5es nesta tarde"},"content":{"rendered":"<p><a href=\"http:\/\/www.ufla.br\/ascom\/wp-content\/uploads\/2012\/11\/30.11-congressos-premia\u00e7\u00e3o.jpg\"><img loading=\"lazy\" decoding=\"async\" class=\"alignleft size-medium wp-image-17069\" title=\"SONY DSC\" src=\"http:\/\/www.ufla.br\/ascom\/wp-content\/uploads\/2012\/11\/30.11-congressos-premia\u00e7\u00e3o-249x166.jpg\" alt=\"\" width=\"249\" height=\"166\" srcset=\"https:\/\/www.ufla.br\/dcom\/wp-content\/uploads\/2012\/11\/30.11-congressos-premia\u00e7\u00e3o-249x166.jpg 249w, https:\/\/www.ufla.br\/dcom\/wp-content\/uploads\/2012\/11\/30.11-congressos-premia\u00e7\u00e3o-612x409.jpg 612w\" sizes=\"auto, (max-width: 249px) 100vw, 249px\" \/><\/a>Nesta sexta-feira (30), \u00e0s 14 horas, ser\u00e1 realizada a cerim\u00f4nia de encerramento e premia\u00e7\u00e3o dos melhores trabalhos apresentados no evento \u201cInternacionaliza\u00e7\u00e3o da UFLA: oportunidades e desafios\u201d, que inclui a realiza\u00e7\u00e3o simult\u00e2nea do XXV Congresso de Inicia\u00e7\u00e3o Cient\u00edfica (Ciufla), VII Congresso de Extens\u00e3o (Conex) e XXI Congresso de P\u00f3s-Gradua\u00e7\u00e3o.<\/p>\n<p>O evento ser\u00e1 no Sal\u00e3o de Conven\u00e7\u00f5es e contar\u00e1 com a presen\u00e7a de estudantes de gradua\u00e7\u00e3o e p\u00f3s-gradua\u00e7\u00e3o, al\u00e9m de estudantes do Ensino M\u00e9dio que participam do programa Bic J\u00fanior.<\/p>\n<p>Os eventos tiveram recorde de p\u00fablico e de resumos submetidos, refor\u00e7ando o crescimento da produ\u00e7\u00e3o cient\u00edfica na Universidade. Os avaliadores elogiaram a qualidade dos trabalhos e o desempenho das apresenta\u00e7\u00f5es.<\/p>\n<p>No caso do Ciufla, os pr\u00eamios consistem na entrega de certificados com a men\u00e7\u00e3o honrosa e de uma quantia em dinheiro, no valor de R$ 500,00 para \u201cGraduando Destaque na Inicia\u00e7\u00e3o Cient\u00edfica\u201d e R$ 300,00 para \u201cBIC J\u00fanior Destaque na Inicia\u00e7\u00e3o Cient\u00edfica\u201d. A Pr\u00f3-Reitoria de pesquisa informa que a premia\u00e7\u00e3o somente ser\u00e1 entregue ao agraciado presente na solenidade.<a href=\"http:\/\/www.ufla.br\/ascom\/wp-content\/uploads\/2012\/11\/30.11-congressos-premia\u00e7\u00e3o-2.jpg\"><img loading=\"lazy\" decoding=\"async\" class=\"alignright size-medium wp-image-17070\" title=\"SONY DSC\" src=\"http:\/\/www.ufla.br\/ascom\/wp-content\/uploads\/2012\/11\/30.11-congressos-premia\u00e7\u00e3o-2-249x166.jpg\" alt=\"\" width=\"249\" height=\"166\" srcset=\"https:\/\/www.ufla.br\/dcom\/wp-content\/uploads\/2012\/11\/30.11-congressos-premia\u00e7\u00e3o-2-249x166.jpg 249w, https:\/\/www.ufla.br\/dcom\/wp-content\/uploads\/2012\/11\/30.11-congressos-premia\u00e7\u00e3o-2-612x409.jpg 612w\" sizes=\"auto, (max-width: 249px) 100vw, 249px\" \/><\/a><\/p>\n<p>No Conex, o estudante destaque no trabalho de extens\u00e3o receber\u00e1 o certificado de men\u00e7\u00e3o honrosa e uma quantia de R$ 500,00.<\/p>\n<p>O autor do melhor trabalho da P\u00f3s-Gradua\u00e7\u00e3o receber\u00e1 o certificado com men\u00e7\u00e3o honrosa.<\/p>\n<p>Confira a programa\u00e7\u00e3o no site <a href=\"http:\/\/ufla.br\/congressos\/\">http:\/\/ufla.br\/congressos\/<\/a><\/p>\n<p>&nbsp;<\/p>\n<p>&nbsp;<\/p>\n<p>&nbsp;<\/p>\n<p>&nbsp;<\/p>\n","protected":false},"excerpt":{"rendered":"<p>Nesta sexta-feira (30), \u00e0s 14 horas, ser\u00e1 realizada a cerim\u00f4nia de encerramento e premia\u00e7\u00e3o dos melhores trabalhos apresentados no evento \u201cInternacionaliza\u00e7\u00e3o da UFLA: oportunidades e desafios\u201d, que inclui a realiza\u00e7\u00e3o simult\u00e2nea do XXV Congresso de Inicia\u00e7\u00e3o Cient\u00edfica (Ciufla), VII Congresso de Extens\u00e3o (Conex) e XXI Congresso de P\u00f3s-Gradua\u00e7\u00e3o. O evento ser\u00e1 no Sal\u00e3o de Conven\u00e7\u00f5es &hellip; <a href=\"https:\/\/www.ufla.br\/dcom\/2012\/11\/30\/ciufla-conex-e-congresso-de-pos-graduacao-entregam-premiacoes-nesta-tarde\/\" class=\"more-link\">Continue lendo <span class=\"screen-reader-text\">Ciufla, Conex e Congresso de P\u00f3s-Gradua\u00e7\u00e3o entregam premia\u00e7\u00f5es nesta tarde<\/span> <span class=\"meta-nav\">&rarr;<\/span><\/a><\/p>\n","protected":false},"author":6,"featured_media":0,"comment_status":"closed","ping_status":"closed","sticky":false,"template":"","format":"standard","meta":{"ngg_post_thumbnail":0,"footnotes":""},"categories":[10],"tags":[382],"class_list":["post-17068","post","type-post","status-publish","format-standard","hentry","category-menores","tag-congressos"],"_links":{"self":[{"href":"https:\/\/www.ufla.br\/dcom\/wp-json\/wp\/v2\/posts\/17068","targetHints":{"allow":["GET"]}}],"collection":[{"href":"https:\/\/www.ufla.br\/dcom\/wp-json\/wp\/v2\/posts"}],"about":[{"href":"https:\/\/www.ufla.br\/dcom\/wp-json\/wp\/v2\/types\/post"}],"author":[{"embeddable":true,"href":"https:\/\/www.ufla.br\/dcom\/wp-json\/wp\/v2\/users\/6"}],"replies":[{"embeddable":true,"href":"https:\/\/www.ufla.br\/dcom\/wp-json\/wp\/v2\/comments?post=17068"}],"version-history":[{"count":5,"href":"https:\/\/www.ufla.br\/dcom\/wp-json\/wp\/v2\/posts\/17068\/revisions"}],"predecessor-version":[{"id":17073,"href":"https:\/\/www.ufla.br\/dcom\/wp-json\/wp\/v2\/posts\/17068\/revisions\/17073"}],"wp:attachment":[{"href":"https:\/\/www.ufla.br\/dcom\/wp-json\/wp\/v2\/media?parent=17068"}],"wp:term":[{"taxonomy":"category","embeddable":true,"href":"https:\/\/www.ufla.br\/dcom\/wp-json\/wp\/v2\/categories?post=17068"},{"taxonomy":"post_tag","embeddable":true,"href":"https:\/\/www.ufla.br\/dcom\/wp-json\/wp\/v2\/tags?post=17068"}],"curies":[{"name":"wp","href":"https:\/\/api.w.org\/{rel}","templated":true}]}}