{"id":16880,"date":"2012-11-27T13:00:16","date_gmt":"2012-11-27T16:00:16","guid":{"rendered":"http:\/\/www.ufla.br\/ascom\/?p=16880"},"modified":"2013-01-08T10:32:28","modified_gmt":"2013-01-08T13:32:28","slug":"nejufla-discutira-relacao-entre-empreendedorismo-regional-e-ej","status":"publish","type":"post","link":"https:\/\/www.ufla.br\/dcom\/2012\/11\/27\/nejufla-discutira-relacao-entre-empreendedorismo-regional-e-ej\/","title":{"rendered":"Nejufla discutir\u00e1 rela\u00e7\u00e3o entre empreendedorismo regional e EJ"},"content":{"rendered":"<h6><a href=\"http:\/\/www.ufla.br\/ascom\/index.php\/2012\/11\/nejufla-discutira-relacao-entre-empreendedorismo-regional-e-ej\/nejufla1\/\" rel=\"attachment wp-att-16881\"><img loading=\"lazy\" decoding=\"async\" class=\"alignleft size-medium wp-image-16881\" title=\"\" alt=\"\" src=\"http:\/\/www.ufla.br\/ascom\/wp-content\/uploads\/2012\/11\/nejufla1-249x187.jpg\" width=\"249\" height=\"187\" srcset=\"https:\/\/www.ufla.br\/dcom\/wp-content\/uploads\/2012\/11\/nejufla1-249x187.jpg 249w, https:\/\/www.ufla.br\/dcom\/wp-content\/uploads\/2012\/11\/nejufla1.jpg 350w\" sizes=\"auto, (max-width: 249px) 100vw, 249px\" \/><\/a><\/h6>\n<p>O papel das empresas juniores (EJ\u2019s) no empreendedorismo regional \u00e9 o tema de uma roda de discuss\u00f5es coordenada pelo N\u00facleo de Empresas Juniores, no dia 28, \u00e0s 19 horas, no Anfiteatro de Agricultura. A atividade \u00e9 voltada n\u00e3o s\u00f3 aos empres\u00e1rios juniores e demais interessados da UFLA, como tamb\u00e9m aos estudantes de outras faculdades de Lavras. As inscri\u00e7\u00f5es s\u00e3o gratuitas e ser\u00e3o realizadas no local da atividade.<\/p>\n<p>Esse evento integra o Congresso de Extens\u00e3o da UFLA (Conex) e \u00e9 organizado pela Pr\u00f3-Reitoria de Extens\u00e3o e Cultura e pelo professor Wagner Reis, chefe da Coordenadoria de Desenvolvimento Tecnol\u00f3gico e Social (Codets).<\/p>\n<p>&nbsp;<\/p>\n","protected":false},"excerpt":{"rendered":"<p>O papel das empresas juniores (EJ\u2019s) no empreendedorismo regional \u00e9 o tema de uma roda de discuss\u00f5es coordenada pelo N\u00facleo de Empresas Juniores, no dia 28, \u00e0s 19 horas, no Anfiteatro de Agricultura. A atividade \u00e9 voltada n\u00e3o s\u00f3 aos empres\u00e1rios juniores e demais interessados da UFLA, como tamb\u00e9m aos estudantes de outras faculdades de &hellip; <a href=\"https:\/\/www.ufla.br\/dcom\/2012\/11\/27\/nejufla-discutira-relacao-entre-empreendedorismo-regional-e-ej\/\" class=\"more-link\">Continue lendo <span class=\"screen-reader-text\">Nejufla discutir\u00e1 rela\u00e7\u00e3o entre empreendedorismo regional e EJ<\/span> <span class=\"meta-nav\">&rarr;<\/span><\/a><\/p>\n","protected":false},"author":8,"featured_media":0,"comment_status":"closed","ping_status":"closed","sticky":false,"template":"","format":"standard","meta":{"ngg_post_thumbnail":0,"footnotes":""},"categories":[1,10],"tags":[201,277,589],"class_list":["post-16880","post","type-post","status-publish","format-standard","hentry","category-noticias","category-menores","tag-empreendedorismo","tag-empresa-junior","tag-nejufla"],"_links":{"self":[{"href":"https:\/\/www.ufla.br\/dcom\/wp-json\/wp\/v2\/posts\/16880","targetHints":{"allow":["GET"]}}],"collection":[{"href":"https:\/\/www.ufla.br\/dcom\/wp-json\/wp\/v2\/posts"}],"about":[{"href":"https:\/\/www.ufla.br\/dcom\/wp-json\/wp\/v2\/types\/post"}],"author":[{"embeddable":true,"href":"https:\/\/www.ufla.br\/dcom\/wp-json\/wp\/v2\/users\/8"}],"replies":[{"embeddable":true,"href":"https:\/\/www.ufla.br\/dcom\/wp-json\/wp\/v2\/comments?post=16880"}],"version-history":[{"count":8,"href":"https:\/\/www.ufla.br\/dcom\/wp-json\/wp\/v2\/posts\/16880\/revisions"}],"predecessor-version":[{"id":16886,"href":"https:\/\/www.ufla.br\/dcom\/wp-json\/wp\/v2\/posts\/16880\/revisions\/16886"}],"wp:attachment":[{"href":"https:\/\/www.ufla.br\/dcom\/wp-json\/wp\/v2\/media?parent=16880"}],"wp:term":[{"taxonomy":"category","embeddable":true,"href":"https:\/\/www.ufla.br\/dcom\/wp-json\/wp\/v2\/categories?post=16880"},{"taxonomy":"post_tag","embeddable":true,"href":"https:\/\/www.ufla.br\/dcom\/wp-json\/wp\/v2\/tags?post=16880"}],"curies":[{"name":"wp","href":"https:\/\/api.w.org\/{rel}","templated":true}]}}