{"id":16099,"date":"2012-11-07T09:50:16","date_gmt":"2012-11-07T11:50:16","guid":{"rendered":"http:\/\/www.ufla.br\/ascom\/?p=16099"},"modified":"2014-11-21T09:36:02","modified_gmt":"2014-11-21T11:36:02","slug":"professores-da-ufla-aprovam-42-projetos-no-edital-universal-cnpq","status":"publish","type":"post","link":"https:\/\/www.ufla.br\/dcom\/2012\/11\/07\/professores-da-ufla-aprovam-42-projetos-no-edital-universal-cnpq\/","title":{"rendered":"Professores da UFLA aprovam 42 projetos no Edital Universal CNPq"},"content":{"rendered":"<h6>Cibele Aguiar<\/h6>\n<p><a href=\"http:\/\/www.ufla.br\/ascom\/wp-content\/uploads\/2012\/11\/06.11-chamada-universal.jpg\"><img loading=\"lazy\" decoding=\"async\" class=\"alignright size-medium wp-image-16100\" title=\"06.11 chamada universal\" src=\"http:\/\/www.ufla.br\/ascom\/wp-content\/uploads\/2012\/11\/06.11-chamada-universal-249x157.jpg\" alt=\"\" width=\"249\" height=\"157\" srcset=\"https:\/\/www.ufla.br\/dcom\/wp-content\/uploads\/2012\/11\/06.11-chamada-universal-249x157.jpg 249w, https:\/\/www.ufla.br\/dcom\/wp-content\/uploads\/2012\/11\/06.11-chamada-universal.jpg 285w\" sizes=\"auto, (max-width: 249px) 100vw, 249px\" \/><\/a>O resultado da edi\u00e7\u00e3o 2012 do Edital Universal do Conselho de Desenvolvimento Cient\u00edfico e Tecnol\u00f3gico \u2013 CNPq &#8211; Minist\u00e9rio da Ci\u00eancia, Tecnologia e Inova\u00e7\u00e3o (MCTI), rec\u00e9m-divulgado, traz o nome de 42 professores da Universidade Federal de Lavras (UFLA) como coordenadores de projetos aprovados em diferentes \u00e1reas do conhecimento.<\/p>\n<p>Os recursos n\u00e3o s\u00e3o divulgados, sendo distribu\u00eddos em tr\u00eas faixas de financiamento. A Faixa A, que teve 28 projetos da UFLA aprovados, recebe recursos de at\u00e9 R$ 30 mil; a Faixa B, com 10 projetos da UFLA aprovados, envolvem propostas acima de R$ 30 mil e abaixo de R$ 60 mil, e a Faixa C, para projetos de R$ 60 mil a R$ 120 mil, com quatro projetos aprovados para professores da Institui\u00e7\u00e3o. A cria\u00e7\u00e3o de faixas ocorre desde 2007, com a inten\u00e7\u00e3o de possibilitar o apoio a pesquisadores iniciantes.<\/p>\n<p>A Chamada Universal \u00e9 a que recebe mais propostas no CNPq e coloca \u00e0 disposi\u00e7\u00e3o da comunidade cient\u00edfica e tecnol\u00f3gica o maior montante de recursos a serem distribu\u00eddos em todas as \u00e1reas do conhecimento. Na edi\u00e7\u00e3o 2012, o CNPq recebeu 16.245 propostas de pesquisas e concess\u00e3o de bolsas, alcan\u00e7ando uma demanda de R$ 681 milh\u00f5es. O total investido no fomento e em bolsas soma aproximadamente R$ 150 milh\u00f5es.<\/p>\n<p>&nbsp;<\/p>\n<p>&nbsp;<\/p>\n<p>&nbsp;<\/p>\n<p>&nbsp;<\/p>\n","protected":false},"excerpt":{"rendered":"<p>O resultado da edi\u00e7\u00e3o 2012 do Edital Universal do Conselho de Desenvolvimento Cient\u00edfico e Tecnol\u00f3gico \u2013 CNPq &#8211; Minist\u00e9rio(&#8230;)<\/p>\n","protected":false},"author":6,"featured_media":0,"comment_status":"closed","ping_status":"closed","sticky":false,"template":"","format":"standard","meta":{"ngg_post_thumbnail":0,"footnotes":""},"categories":[1],"tags":[428],"class_list":["post-16099","post","type-post","status-publish","format-standard","hentry","category-noticias","tag-cnpq-2"],"_links":{"self":[{"href":"https:\/\/www.ufla.br\/dcom\/wp-json\/wp\/v2\/posts\/16099","targetHints":{"allow":["GET"]}}],"collection":[{"href":"https:\/\/www.ufla.br\/dcom\/wp-json\/wp\/v2\/posts"}],"about":[{"href":"https:\/\/www.ufla.br\/dcom\/wp-json\/wp\/v2\/types\/post"}],"author":[{"embeddable":true,"href":"https:\/\/www.ufla.br\/dcom\/wp-json\/wp\/v2\/users\/6"}],"replies":[{"embeddable":true,"href":"https:\/\/www.ufla.br\/dcom\/wp-json\/wp\/v2\/comments?post=16099"}],"version-history":[{"count":6,"href":"https:\/\/www.ufla.br\/dcom\/wp-json\/wp\/v2\/posts\/16099\/revisions"}],"predecessor-version":[{"id":16118,"href":"https:\/\/www.ufla.br\/dcom\/wp-json\/wp\/v2\/posts\/16099\/revisions\/16118"}],"wp:attachment":[{"href":"https:\/\/www.ufla.br\/dcom\/wp-json\/wp\/v2\/media?parent=16099"}],"wp:term":[{"taxonomy":"category","embeddable":true,"href":"https:\/\/www.ufla.br\/dcom\/wp-json\/wp\/v2\/categories?post=16099"},{"taxonomy":"post_tag","embeddable":true,"href":"https:\/\/www.ufla.br\/dcom\/wp-json\/wp\/v2\/tags?post=16099"}],"curies":[{"name":"wp","href":"https:\/\/api.w.org\/{rel}","templated":true}]}}