{"id":158506,"date":"2018-06-26T17:13:43","date_gmt":"2018-06-26T20:13:43","guid":{"rendered":"http:\/\/www.ufla.br\/dcom\/?p=158506"},"modified":"2018-07-04T12:41:24","modified_gmt":"2018-07-04T15:41:24","slug":"esquenta-ciufla-comeca-no-dia-5-7","status":"publish","type":"post","link":"https:\/\/www.ufla.br\/dcom\/2018\/06\/26\/esquenta-ciufla-comeca-no-dia-5-7\/","title":{"rendered":"Esquenta Ciufla come\u00e7a no dia 5\/7"},"content":{"rendered":"<p><img loading=\"lazy\" decoding=\"async\" class=\"alignleft size-medium wp-image-158507\" src=\"http:\/\/www.ufla.br\/dcom\/wp-content\/uploads\/2018\/06\/Esquenta_ciufla_2018-249x249.png\" alt=\"\" width=\"249\" height=\"249\" srcset=\"https:\/\/www.ufla.br\/dcom\/wp-content\/uploads\/2018\/06\/Esquenta_ciufla_2018-249x249.png 249w, https:\/\/www.ufla.br\/dcom\/wp-content\/uploads\/2018\/06\/Esquenta_ciufla_2018-150x150.png 150w, https:\/\/www.ufla.br\/dcom\/wp-content\/uploads\/2018\/06\/Esquenta_ciufla_2018-768x766.png 768w, https:\/\/www.ufla.br\/dcom\/wp-content\/uploads\/2018\/06\/Esquenta_ciufla_2018-612x610.png 612w, https:\/\/www.ufla.br\/dcom\/wp-content\/uploads\/2018\/06\/Esquenta_ciufla_2018-120x120.png 120w, https:\/\/www.ufla.br\/dcom\/wp-content\/uploads\/2018\/06\/Esquenta_ciufla_2018.png 1170w\" sizes=\"auto, (max-width: 249px) 100vw, 249px\" \/>A Universidade Federal de Lavras (UFLA)&nbsp;realiza o Esquenta Ciufla 2018&nbsp;nos dias&nbsp; 5 e 9 de julho e&nbsp; 28 de agosto.&nbsp; As inscri\u00e7\u00f5es est\u00e3o sendo feitas pelo site do <a href=\"http:\/\/www.sig.ufla.br\" target=\"_blank\" rel=\"noopener\">Sistema Integrado de Gest\u00e3o (SIG)<\/a>. O evento \u00e9 uma prepara\u00e7\u00e3o para o&nbsp;Congresso de Inicia\u00e7\u00e3o Cient\u00edfica (Ciufla), realizado anualmente na universidade, com o&nbsp;objetivo de divulgar os resultados das pesquisas desenvolvidas pelos alunos de gradua\u00e7\u00e3o da institui\u00e7\u00e3o.<\/p>\n<p>No primeiro dia desta edi\u00e7\u00e3o (5\/7), o evento apresentar\u00e1 a oficina de reda\u00e7\u00e3o de resumos, ministrada pela professora Helena Maria Ferreira,&nbsp; &nbsp;\u00e0s 17h45, no Sal\u00e3o de Conven\u00e7\u00f5es.&nbsp;<\/p>\n<p>J\u00e1 no dia 9\/7, a programa\u00e7\u00e3o&nbsp;contar\u00e1 com oficina de reda\u00e7\u00e3o cient\u00edfica com o professor Luciano Jos\u00e9 Pereira, \u00e0s 18h, no anfiteatro Magno Patto Ramalho &#8211; Departamento de Biologia (DBI).<\/p>\n<p>E, no dia 28\/8 haver\u00e1 a oficina de Elabora\u00e7\u00e3o de Pitch,&nbsp; com a jornalista da Diretoria de Comunica\u00e7\u00e3o (Decom\/UFLA), Samara Avelar,&nbsp;&nbsp;\u00e0s 18h, no anfiteatro do Departamento de Ci\u00eancias Humanas (DCH).<\/p>\n<h5><strong><em>Ana Carolina Rocha, estagi\u00e1ria Dcom\/UFLA<\/em><\/strong><\/h5>\n<p>&nbsp;<\/p>\n","protected":false},"excerpt":{"rendered":"<p>A Universidade Federal de Lavras (UFLA)&nbsp;realiza o Esquenta Ciufla 2018&nbsp;nos dias&nbsp; 5 e 9 de julho e&nbsp; 28 de agosto.&nbsp; As inscri\u00e7\u00f5es est\u00e3o sendo feitas pelo site do Sistema Integrado de Gest\u00e3o (SIG). O evento \u00e9 uma prepara\u00e7\u00e3o para o&nbsp;Congresso de Inicia\u00e7\u00e3o Cient\u00edfica (Ciufla), realizado anualmente na universidade, com o&nbsp;objetivo de divulgar os resultados das &hellip; <a href=\"https:\/\/www.ufla.br\/dcom\/2018\/06\/26\/esquenta-ciufla-comeca-no-dia-5-7\/\" class=\"more-link\">Continue lendo <span class=\"screen-reader-text\">Esquenta Ciufla come\u00e7a no dia 5\/7<\/span> <span class=\"meta-nav\">&rarr;<\/span><\/a><\/p>\n","protected":false},"author":11,"featured_media":0,"comment_status":"closed","ping_status":"closed","sticky":false,"template":"","format":"standard","meta":{"ngg_post_thumbnail":0,"footnotes":""},"categories":[1,10],"tags":[166,2128,237],"class_list":["post-158506","post","type-post","status-publish","format-standard","hentry","category-noticias","category-menores","tag-estudantes","tag-pesquisa-e-inovacao","tag-servidores"],"_links":{"self":[{"href":"https:\/\/www.ufla.br\/dcom\/wp-json\/wp\/v2\/posts\/158506","targetHints":{"allow":["GET"]}}],"collection":[{"href":"https:\/\/www.ufla.br\/dcom\/wp-json\/wp\/v2\/posts"}],"about":[{"href":"https:\/\/www.ufla.br\/dcom\/wp-json\/wp\/v2\/types\/post"}],"author":[{"embeddable":true,"href":"https:\/\/www.ufla.br\/dcom\/wp-json\/wp\/v2\/users\/11"}],"replies":[{"embeddable":true,"href":"https:\/\/www.ufla.br\/dcom\/wp-json\/wp\/v2\/comments?post=158506"}],"version-history":[{"count":3,"href":"https:\/\/www.ufla.br\/dcom\/wp-json\/wp\/v2\/posts\/158506\/revisions"}],"predecessor-version":[{"id":158528,"href":"https:\/\/www.ufla.br\/dcom\/wp-json\/wp\/v2\/posts\/158506\/revisions\/158528"}],"wp:attachment":[{"href":"https:\/\/www.ufla.br\/dcom\/wp-json\/wp\/v2\/media?parent=158506"}],"wp:term":[{"taxonomy":"category","embeddable":true,"href":"https:\/\/www.ufla.br\/dcom\/wp-json\/wp\/v2\/categories?post=158506"},{"taxonomy":"post_tag","embeddable":true,"href":"https:\/\/www.ufla.br\/dcom\/wp-json\/wp\/v2\/tags?post=158506"}],"curies":[{"name":"wp","href":"https:\/\/api.w.org\/{rel}","templated":true}]}}