{"id":158051,"date":"2018-06-18T14:54:47","date_gmt":"2018-06-18T17:54:47","guid":{"rendered":"http:\/\/www.ufla.br\/dcom\/?p=158051"},"modified":"2018-06-26T09:07:24","modified_gmt":"2018-06-26T12:07:24","slug":"empresa-junior-e-pets-da-ufla-promovem-xv-semana-do-meio-ambiente","status":"publish","type":"post","link":"https:\/\/www.ufla.br\/dcom\/2018\/06\/18\/empresa-junior-e-pets-da-ufla-promovem-xv-semana-do-meio-ambiente\/","title":{"rendered":"Empresa J\u00fanior e Pets da UFLA promovem XV Semana do Meio Ambiente"},"content":{"rendered":"<p>Entre os dias 19\/6 e 21\/6,&nbsp;os grupos PET Engenharia Agr\u00edcola, PET Engenharia Ambiental e Sanit\u00e1ria e Enagri Jr. Projetos e Consultoria Agr\u00edcola,&nbsp;ir\u00e3o promover a <strong>XV Semana do Meio Ambiente<\/strong>, com o tema <strong>&#8220;Novas tecnologias a servi\u00e7o da conserva\u00e7\u00e3o ambiental&#8221;<\/strong>. As inscri\u00e7\u00f5es podem ser feitas no canteiro central da Universidade, com os membros dos grupos organizadores.<\/p>\n<p>O evento busca levar ao p\u00fablico novas ferramentas tecnol\u00f3gicas aplicadas \u00e0&nbsp;conserva\u00e7\u00e3o&nbsp;do meio ambiente, como a utiliza\u00e7\u00e3o de sensores preditivos para o monitoramento de inc\u00eandios e de drones para o reflorestamento. A programa\u00e7\u00e3o ser\u00e1 distribu\u00edda entre as palestras e minicursos a seguir:<\/p>\n<p><a href=\"http:\/\/www.ufla.br\/dcom\/wp-content\/uploads\/2018\/06\/XV_Semana_do_Meio_Ambiente_-_Cartaz.png\"><img loading=\"lazy\" decoding=\"async\" class=\"aligncenter wp-image-158052 size-large\" src=\"http:\/\/www.ufla.br\/dcom\/wp-content\/uploads\/2018\/06\/XV_Semana_do_Meio_Ambiente_-_Cartaz-612x866.png\" alt=\"\" width=\"612\" height=\"866\" srcset=\"https:\/\/www.ufla.br\/dcom\/wp-content\/uploads\/2018\/06\/XV_Semana_do_Meio_Ambiente_-_Cartaz-612x866.png 612w, https:\/\/www.ufla.br\/dcom\/wp-content\/uploads\/2018\/06\/XV_Semana_do_Meio_Ambiente_-_Cartaz-176x249.png 176w, https:\/\/www.ufla.br\/dcom\/wp-content\/uploads\/2018\/06\/XV_Semana_do_Meio_Ambiente_-_Cartaz-768x1086.png 768w, https:\/\/www.ufla.br\/dcom\/wp-content\/uploads\/2018\/06\/XV_Semana_do_Meio_Ambiente_-_Cartaz-85x120.png 85w\" sizes=\"auto, (max-width: 612px) 100vw, 612px\" \/><\/a><\/p>\n<p><a href=\"https:\/\/www.facebook.com\/events\/417299165405192\/\"><br \/>\nClique aqui para mais informa\u00e7\u00f5es.<\/a><\/p>\n<p><em><strong>Ana Carolina Rocha, estagi\u00e1ria Dcom\/UFLA<\/strong><\/em><\/p>\n","protected":false},"excerpt":{"rendered":"<p>Entre os dias 19\/6 e 21\/6,&nbsp;os grupos PET Engenharia Agr\u00edcola, PET Engenharia Ambiental e Sanit\u00e1ria e Enagri Jr. Projetos e Consultoria Agr\u00edcola,&nbsp;ir\u00e3o promover a XV Semana do Meio Ambiente, com o tema &#8220;Novas tecnologias a servi\u00e7o da conserva\u00e7\u00e3o ambiental&#8221;. As inscri\u00e7\u00f5es podem ser feitas no canteiro central da Universidade, com os membros dos grupos organizadores. &hellip; <a href=\"https:\/\/www.ufla.br\/dcom\/2018\/06\/18\/empresa-junior-e-pets-da-ufla-promovem-xv-semana-do-meio-ambiente\/\" class=\"more-link\">Continue lendo <span class=\"screen-reader-text\">Empresa J\u00fanior e Pets da UFLA promovem XV Semana do Meio Ambiente<\/span> <span class=\"meta-nav\">&rarr;<\/span><\/a><\/p>\n","protected":false},"author":20,"featured_media":0,"comment_status":"closed","ping_status":"closed","sticky":false,"template":"","format":"standard","meta":{"ngg_post_thumbnail":0,"footnotes":""},"categories":[1,10],"tags":[166,896,2126,510,237],"class_list":["post-158051","post","type-post","status-publish","format-standard","hentry","category-noticias","category-menores","tag-estudantes","tag-ex-alunos","tag-ingressantes","tag-institucional","tag-servidores"],"_links":{"self":[{"href":"https:\/\/www.ufla.br\/dcom\/wp-json\/wp\/v2\/posts\/158051","targetHints":{"allow":["GET"]}}],"collection":[{"href":"https:\/\/www.ufla.br\/dcom\/wp-json\/wp\/v2\/posts"}],"about":[{"href":"https:\/\/www.ufla.br\/dcom\/wp-json\/wp\/v2\/types\/post"}],"author":[{"embeddable":true,"href":"https:\/\/www.ufla.br\/dcom\/wp-json\/wp\/v2\/users\/20"}],"replies":[{"embeddable":true,"href":"https:\/\/www.ufla.br\/dcom\/wp-json\/wp\/v2\/comments?post=158051"}],"version-history":[{"count":1,"href":"https:\/\/www.ufla.br\/dcom\/wp-json\/wp\/v2\/posts\/158051\/revisions"}],"predecessor-version":[{"id":158053,"href":"https:\/\/www.ufla.br\/dcom\/wp-json\/wp\/v2\/posts\/158051\/revisions\/158053"}],"wp:attachment":[{"href":"https:\/\/www.ufla.br\/dcom\/wp-json\/wp\/v2\/media?parent=158051"}],"wp:term":[{"taxonomy":"category","embeddable":true,"href":"https:\/\/www.ufla.br\/dcom\/wp-json\/wp\/v2\/categories?post=158051"},{"taxonomy":"post_tag","embeddable":true,"href":"https:\/\/www.ufla.br\/dcom\/wp-json\/wp\/v2\/tags?post=158051"}],"curies":[{"name":"wp","href":"https:\/\/api.w.org\/{rel}","templated":true}]}}