{"id":158048,"date":"2018-06-18T14:45:20","date_gmt":"2018-06-18T17:45:20","guid":{"rendered":"http:\/\/www.ufla.br\/dcom\/?p=158048"},"modified":"2018-06-26T09:08:50","modified_gmt":"2018-06-26T12:08:50","slug":"selecao-de-bolsista-para-o-programa-startup-universitario","status":"publish","type":"post","link":"https:\/\/www.ufla.br\/dcom\/2018\/06\/18\/selecao-de-bolsista-para-o-programa-startup-universitario\/","title":{"rendered":"Sele\u00e7\u00e3o de bolsista para o programa Startup Universit\u00e1rio"},"content":{"rendered":"<p><a href=\"http:\/\/www.ufla.br\/dcom\/wp-content\/uploads\/2018\/06\/divulgacao_StartupUniversitarioUfla-1.jpg\"><img loading=\"lazy\" decoding=\"async\" class=\"size-medium wp-image-158049 alignleft\" src=\"http:\/\/www.ufla.br\/dcom\/wp-content\/uploads\/2018\/06\/divulgacao_StartupUniversitarioUfla-1-142x249.jpg\" alt=\"\" width=\"142\" height=\"249\" srcset=\"https:\/\/www.ufla.br\/dcom\/wp-content\/uploads\/2018\/06\/divulgacao_StartupUniversitarioUfla-1-142x249.jpg 142w, https:\/\/www.ufla.br\/dcom\/wp-content\/uploads\/2018\/06\/divulgacao_StartupUniversitarioUfla-1-768x1345.jpg 768w, https:\/\/www.ufla.br\/dcom\/wp-content\/uploads\/2018\/06\/divulgacao_StartupUniversitarioUfla-1-612x1071.jpg 612w, https:\/\/www.ufla.br\/dcom\/wp-content\/uploads\/2018\/06\/divulgacao_StartupUniversitarioUfla-1-69x120.jpg 69w, https:\/\/www.ufla.br\/dcom\/wp-content\/uploads\/2018\/06\/divulgacao_StartupUniversitarioUfla-1.jpg 1886w\" sizes=\"auto, (max-width: 142px) 100vw, 142px\" \/><\/a>Est\u00e3o abertas as inscri\u00e7\u00f5es para uma vaga de bolsista para o Startup Universit\u00e1rio, do Programa Minas Digital. A sele\u00e7\u00e3o ser\u00e1 feita pela Secretaria de Desenvolvimento Econ\u00f4mico, Ci\u00eancia, Tecnologia e Ensino Superior, junto com a professora Jena\u00edna Soares, respons\u00e1vel pelo desenvolvimento do projeto na UFLA. Os interessados devem enviar um email com o Curr\u00edculo Lattes para: <a href=\"mailto:jenaina.soares@dfi.ufla.br\">jenaina.soares@dfi.ufla.br<\/a>&nbsp; at\u00e9 o dia 24\/6.<\/p>\n<p>Para a vaga, o estudante deve ter o seguinte perfil e pr\u00e9-requisitos:<\/p>\n<p>Forma\u00e7\u00e3o: Aluno matriculado e cursando um curso na UFLA<br \/>\nExperi\u00eancia pr\u00e9via (desej\u00e1vel): Ter participado de projetos e iniciativas empreendedoras, tecnol\u00f3gicas e\/ou inovadoras.<br \/>\nPerfil: Perfil empreendedor; pr\u00f3-ativo, comunicativo, criativo; capacidade de se relacionar bem com a academia-governo e empresas; capacidade de criar e executar projetos inovadores e trabalhar em equipe; no\u00e7\u00f5es b\u00e1sicas de m\u00eddias sociais.<br \/>\nBolsa: R$724,52<br \/>\nCh: 4h\/dia &#8211; 20h\/semanais<br \/>\nLocal: A definir pelo professor.<\/p>\n<p>Para mais informa\u00e7\u00f5es sobre o Projeto, acesse: <a href=\"http:\/\/minasdigital.mg.gov.br\/inicio\/projetos\/projeto\/41\/startup-universitario\">http:\/\/minasdigital.mg.gov.br\/inicio\/projetos\/projeto\/41\/startup-universitario&nbsp;<\/a><\/p>\n<p><em><strong>Ana Carolina Rocha, estagi\u00e1ria Dcom\/UFLA<\/strong><\/em><\/p>\n","protected":false},"excerpt":{"rendered":"<p>Est\u00e3o abertas as inscri\u00e7\u00f5es para uma vaga de bolsista para o Startup Universit\u00e1rio, do Programa Minas Digital. A sele\u00e7\u00e3o ser\u00e1 feita pela Secretaria de Desenvolvimento Econ\u00f4mico, Ci\u00eancia, Tecnologia e Ensino Superior, junto com a professora Jena\u00edna Soares, respons\u00e1vel pelo desenvolvimento do projeto na UFLA. Os interessados devem enviar um email com o Curr\u00edculo Lattes para: &hellip; <a href=\"https:\/\/www.ufla.br\/dcom\/2018\/06\/18\/selecao-de-bolsista-para-o-programa-startup-universitario\/\" class=\"more-link\">Continue lendo <span class=\"screen-reader-text\">Sele\u00e7\u00e3o de bolsista para o programa Startup Universit\u00e1rio<\/span> <span class=\"meta-nav\">&rarr;<\/span><\/a><\/p>\n","protected":false},"author":20,"featured_media":0,"comment_status":"closed","ping_status":"closed","sticky":false,"template":"","format":"standard","meta":{"ngg_post_thumbnail":0,"footnotes":""},"categories":[1,10],"tags":[166,2126,2133],"class_list":["post-158048","post","type-post","status-publish","format-standard","hentry","category-noticias","category-menores","tag-estudantes","tag-ingressantes","tag-interno"],"_links":{"self":[{"href":"https:\/\/www.ufla.br\/dcom\/wp-json\/wp\/v2\/posts\/158048","targetHints":{"allow":["GET"]}}],"collection":[{"href":"https:\/\/www.ufla.br\/dcom\/wp-json\/wp\/v2\/posts"}],"about":[{"href":"https:\/\/www.ufla.br\/dcom\/wp-json\/wp\/v2\/types\/post"}],"author":[{"embeddable":true,"href":"https:\/\/www.ufla.br\/dcom\/wp-json\/wp\/v2\/users\/20"}],"replies":[{"embeddable":true,"href":"https:\/\/www.ufla.br\/dcom\/wp-json\/wp\/v2\/comments?post=158048"}],"version-history":[{"count":1,"href":"https:\/\/www.ufla.br\/dcom\/wp-json\/wp\/v2\/posts\/158048\/revisions"}],"predecessor-version":[{"id":158050,"href":"https:\/\/www.ufla.br\/dcom\/wp-json\/wp\/v2\/posts\/158048\/revisions\/158050"}],"wp:attachment":[{"href":"https:\/\/www.ufla.br\/dcom\/wp-json\/wp\/v2\/media?parent=158048"}],"wp:term":[{"taxonomy":"category","embeddable":true,"href":"https:\/\/www.ufla.br\/dcom\/wp-json\/wp\/v2\/categories?post=158048"},{"taxonomy":"post_tag","embeddable":true,"href":"https:\/\/www.ufla.br\/dcom\/wp-json\/wp\/v2\/tags?post=158048"}],"curies":[{"name":"wp","href":"https:\/\/api.w.org\/{rel}","templated":true}]}}