{"id":158044,"date":"2018-06-18T14:17:02","date_gmt":"2018-06-18T17:17:02","guid":{"rendered":"http:\/\/www.ufla.br\/dcom\/?p=158044"},"modified":"2018-06-26T09:09:18","modified_gmt":"2018-06-26T12:09:18","slug":"estudantes-de-educacao-fisica-realizam-17-festival-de-atletismo","status":"publish","type":"post","link":"https:\/\/www.ufla.br\/dcom\/2018\/06\/18\/estudantes-de-educacao-fisica-realizam-17-festival-de-atletismo\/","title":{"rendered":"Estudantes de Educa\u00e7\u00e3o F\u00edsica realizam 17\u00b0 Festival de Atletismo"},"content":{"rendered":"<p><a href=\"http:\/\/www.ufla.br\/dcom\/wp-content\/uploads\/2018\/06\/Festival-de-atletismo.jpeg\"><img loading=\"lazy\" decoding=\"async\" class=\"alignleft wp-image-158045\" src=\"http:\/\/www.ufla.br\/dcom\/wp-content\/uploads\/2018\/06\/Festival-de-atletismo-176x249.jpeg\" alt=\"\" width=\"162\" height=\"229\" srcset=\"https:\/\/www.ufla.br\/dcom\/wp-content\/uploads\/2018\/06\/Festival-de-atletismo-176x249.jpeg 176w, https:\/\/www.ufla.br\/dcom\/wp-content\/uploads\/2018\/06\/Festival-de-atletismo-768x1087.jpeg 768w, https:\/\/www.ufla.br\/dcom\/wp-content\/uploads\/2018\/06\/Festival-de-atletismo-612x867.jpeg 612w, https:\/\/www.ufla.br\/dcom\/wp-content\/uploads\/2018\/06\/Festival-de-atletismo-85x120.jpeg 85w, https:\/\/www.ufla.br\/dcom\/wp-content\/uploads\/2018\/06\/Festival-de-atletismo.jpeg 904w\" sizes=\"auto, (max-width: 162px) 100vw, 162px\" \/><\/a>Estudantes de Educa\u00e7\u00e3o F\u00edsica realizam 17\u00b0 Festival de Atletismo. O evento ir\u00e1 ocorrer no dia 7\/7, das 8h \u00e0s 14h, na Pista de Atletismo da Universidade Federal de Lavras (UFLA) e conta com a participa\u00e7\u00e3o de 400 crian\u00e7as de 8 a 14 anos de idade.<\/p>\n<p>Os participantes s\u00e3o alunos de escolas p\u00fablicas de Lavras e Perd\u00f5es, que recebem treinamento semanal de graduandos em Educa\u00e7\u00e3o F\u00edsica da UFLA.<\/p>\n<p><strong>Sobre o Festival <\/strong><\/p>\n<p>Realizado semestralmente, o Festival tem como objetivo fomentar o interesse de crian\u00e7as \u00e0 pr\u00e1tica do Atletismo. No decorrer de sua realiza\u00e7\u00e3o, tem demonstrado bons resultados, muitos atletas do Projeto Cria (Centro Regional de Inicia\u00e7\u00e3o ao Atletismo) idealizado e coordenado pelo professor de Educa\u00e7\u00e3o F\u00edsica Fernando de Oliveira, iniciaram sua pr\u00e1tica na modalidade em edi\u00e7\u00f5es deste Festival.<\/p>\n<p><em><strong>Ana Carolina Rocha, estagi\u00e1ria Dcom\/UFLA.&nbsp;<\/strong><\/em><\/p>\n","protected":false},"excerpt":{"rendered":"<p>Estudantes de Educa\u00e7\u00e3o F\u00edsica realizam 17\u00b0 Festival de Atletismo. O evento ir\u00e1 ocorrer no dia 7\/7, das 8h \u00e0s 14h, na Pista de Atletismo da Universidade Federal de Lavras (UFLA) e conta com a participa\u00e7\u00e3o de 400 crian\u00e7as de 8 a 14 anos de idade. Os participantes s\u00e3o alunos de escolas p\u00fablicas de Lavras e &hellip; <a href=\"https:\/\/www.ufla.br\/dcom\/2018\/06\/18\/estudantes-de-educacao-fisica-realizam-17-festival-de-atletismo\/\" class=\"more-link\">Continue lendo <span class=\"screen-reader-text\">Estudantes de Educa\u00e7\u00e3o F\u00edsica realizam 17\u00b0 Festival de Atletismo<\/span> <span class=\"meta-nav\">&rarr;<\/span><\/a><\/p>\n","protected":false},"author":20,"featured_media":0,"comment_status":"closed","ping_status":"closed","sticky":false,"template":"","format":"standard","meta":{"ngg_post_thumbnail":0,"footnotes":""},"categories":[1,10],"tags":[166,896,2126,510,237],"class_list":["post-158044","post","type-post","status-publish","format-standard","hentry","category-noticias","category-menores","tag-estudantes","tag-ex-alunos","tag-ingressantes","tag-institucional","tag-servidores"],"_links":{"self":[{"href":"https:\/\/www.ufla.br\/dcom\/wp-json\/wp\/v2\/posts\/158044","targetHints":{"allow":["GET"]}}],"collection":[{"href":"https:\/\/www.ufla.br\/dcom\/wp-json\/wp\/v2\/posts"}],"about":[{"href":"https:\/\/www.ufla.br\/dcom\/wp-json\/wp\/v2\/types\/post"}],"author":[{"embeddable":true,"href":"https:\/\/www.ufla.br\/dcom\/wp-json\/wp\/v2\/users\/20"}],"replies":[{"embeddable":true,"href":"https:\/\/www.ufla.br\/dcom\/wp-json\/wp\/v2\/comments?post=158044"}],"version-history":[{"count":1,"href":"https:\/\/www.ufla.br\/dcom\/wp-json\/wp\/v2\/posts\/158044\/revisions"}],"predecessor-version":[{"id":158047,"href":"https:\/\/www.ufla.br\/dcom\/wp-json\/wp\/v2\/posts\/158044\/revisions\/158047"}],"wp:attachment":[{"href":"https:\/\/www.ufla.br\/dcom\/wp-json\/wp\/v2\/media?parent=158044"}],"wp:term":[{"taxonomy":"category","embeddable":true,"href":"https:\/\/www.ufla.br\/dcom\/wp-json\/wp\/v2\/categories?post=158044"},{"taxonomy":"post_tag","embeddable":true,"href":"https:\/\/www.ufla.br\/dcom\/wp-json\/wp\/v2\/tags?post=158044"}],"curies":[{"name":"wp","href":"https:\/\/api.w.org\/{rel}","templated":true}]}}