{"id":158032,"date":"2018-06-15T09:30:53","date_gmt":"2018-06-15T12:30:53","guid":{"rendered":"http:\/\/www.ufla.br\/dcom\/?p=158032"},"modified":"2018-06-19T18:08:15","modified_gmt":"2018-06-19T21:08:15","slug":"premio-fundacao-bunge-ira-homenagear-academicos-das-areas-de-ciencias-agrarias-e-letras","status":"publish","type":"post","link":"https:\/\/www.ufla.br\/dcom\/2018\/06\/15\/premio-fundacao-bunge-ira-homenagear-academicos-das-areas-de-ciencias-agrarias-e-letras\/","title":{"rendered":"Pr\u00eamio Funda\u00e7\u00e3o Bunge ir\u00e1 homenagear acad\u00eamicos das \u00e1reas de Ci\u00eancias Agr\u00e1rias e Letras"},"content":{"rendered":"<p>Neste ano, o Pr\u00eamio Funda\u00e7\u00e3o Bunge homenagear\u00e1 profissionais da \u00e1rea de Ci\u00eancias Agr\u00e1rias, com o tema \u201cServi\u00e7os Ambientais Para o Agroneg\u00f3cio\u201d, e da \u00e1rea de Letras, com o tema \u201cLiteratura Infantojuvenil\u201d. As indica\u00e7\u00f5es para cada \u00e1rea ser\u00e3o feitas pelas principais universidades e entidades cient\u00edficas e culturais brasileiras at\u00e9 o dia 30\/6.<\/p>\n<p>Em seguida, Comiss\u00f5es T\u00e9cnicas compostas por especialistas em cada \u00e1rea de premia\u00e7\u00e3o ir\u00e3o avaliar e escolher os homenageados com o pr\u00eamio deste ano. Os contemplados ser\u00e3o conhecidos em agosto e a cerim\u00f4nia de entrega da 63\u00ba edi\u00e7\u00e3o do Pr\u00eamio Bunge e 39\u00ba do Pr\u00eamio Funda\u00e7\u00e3o Bunge Juventude acontecer\u00e1 em novembro.<\/p>\n<p>O Pr\u00eamio Funda\u00e7\u00e3o Bunge \u00e9 concedido anualmente com a proposta de reconhecer os profissionais que contribuem para o desenvolvimento da cultura e das ci\u00eancias no Brasil, al\u00e9m de estimular novos talentos. A premia\u00e7\u00e3o homenageia dois profissionais de cada uma das \u00e1reas de atua\u00e7\u00e3o reconhecidas, totalizando quatro contemplados: dois na categoria Vida e Obra e dois em Juventude (pesquisadores com at\u00e9 35 anos de idade). Sobre a Funda\u00e7\u00e3o Bunge<\/p>\n<p>A Funda\u00e7\u00e3o Bunge, entidade social da Bunge Brasil, h\u00e1 mais de 60 anos atua em diferentes frentes com o compromisso de valorizar pessoas e somar talentos para construir novos caminhos. Suas a\u00e7\u00f5es estabelecem uma rela\u00e7\u00e3o entre passado, presente e futuro e s\u00e3o colocadas em pr\u00e1ticas por meio da preserva\u00e7\u00e3o da mem\u00f3ria empresarial (Centro de Mem\u00f3ria Bunge), do incentivo \u00e0 leitura (Semear Leitores), do voluntariado corporativo (Comunidade Educativa), do desenvolvimento territorial sustent\u00e1vel (Comunidade Integrada) e do incentivo \u00e0s ci\u00eancias, letras e artes (Pr\u00eamio Funda\u00e7\u00e3o Bunge).<\/p>\n<p><em><strong>Da Assessoria<\/strong><\/em><\/p>\n","protected":false},"excerpt":{"rendered":"<p>Neste ano, o Pr\u00eamio Funda\u00e7\u00e3o Bunge homenagear\u00e1 profissionais da \u00e1rea de Ci\u00eancias Agr\u00e1rias, com o tema \u201cServi\u00e7os Ambientais Para o Agroneg\u00f3cio\u201d, e da \u00e1rea de Letras, com o tema \u201cLiteratura Infantojuvenil\u201d. As indica\u00e7\u00f5es para cada \u00e1rea ser\u00e3o feitas pelas principais universidades e entidades cient\u00edficas e culturais brasileiras at\u00e9 o dia 30\/6. Em seguida, Comiss\u00f5es T\u00e9cnicas &hellip; <a href=\"https:\/\/www.ufla.br\/dcom\/2018\/06\/15\/premio-fundacao-bunge-ira-homenagear-academicos-das-areas-de-ciencias-agrarias-e-letras\/\" class=\"more-link\">Continue lendo <span class=\"screen-reader-text\">Pr\u00eamio Funda\u00e7\u00e3o Bunge ir\u00e1 homenagear acad\u00eamicos das \u00e1reas de Ci\u00eancias Agr\u00e1rias e Letras<\/span> <span class=\"meta-nav\">&rarr;<\/span><\/a><\/p>\n","protected":false},"author":32,"featured_media":0,"comment_status":"closed","ping_status":"closed","sticky":false,"template":"","format":"standard","meta":{"ngg_post_thumbnail":0,"footnotes":""},"categories":[1,10],"tags":[174,166],"class_list":["post-158032","post","type-post","status-publish","format-standard","hentry","category-noticias","category-menores","tag-ensino-2","tag-estudantes"],"_links":{"self":[{"href":"https:\/\/www.ufla.br\/dcom\/wp-json\/wp\/v2\/posts\/158032","targetHints":{"allow":["GET"]}}],"collection":[{"href":"https:\/\/www.ufla.br\/dcom\/wp-json\/wp\/v2\/posts"}],"about":[{"href":"https:\/\/www.ufla.br\/dcom\/wp-json\/wp\/v2\/types\/post"}],"author":[{"embeddable":true,"href":"https:\/\/www.ufla.br\/dcom\/wp-json\/wp\/v2\/users\/32"}],"replies":[{"embeddable":true,"href":"https:\/\/www.ufla.br\/dcom\/wp-json\/wp\/v2\/comments?post=158032"}],"version-history":[{"count":1,"href":"https:\/\/www.ufla.br\/dcom\/wp-json\/wp\/v2\/posts\/158032\/revisions"}],"predecessor-version":[{"id":158033,"href":"https:\/\/www.ufla.br\/dcom\/wp-json\/wp\/v2\/posts\/158032\/revisions\/158033"}],"wp:attachment":[{"href":"https:\/\/www.ufla.br\/dcom\/wp-json\/wp\/v2\/media?parent=158032"}],"wp:term":[{"taxonomy":"category","embeddable":true,"href":"https:\/\/www.ufla.br\/dcom\/wp-json\/wp\/v2\/categories?post=158032"},{"taxonomy":"post_tag","embeddable":true,"href":"https:\/\/www.ufla.br\/dcom\/wp-json\/wp\/v2\/tags?post=158032"}],"curies":[{"name":"wp","href":"https:\/\/api.w.org\/{rel}","templated":true}]}}