{"id":157056,"date":"2018-05-22T17:59:42","date_gmt":"2018-05-22T20:59:42","guid":{"rendered":"http:\/\/www.ufla.br\/dcom\/?p=157056"},"modified":"2018-06-26T11:17:18","modified_gmt":"2018-06-26T14:17:18","slug":"nesta-quinta-feira-24-5-tem-a-8a-edicao-do-musica-no-museu","status":"publish","type":"post","link":"https:\/\/www.ufla.br\/dcom\/2018\/05\/22\/nesta-quinta-feira-24-5-tem-a-8a-edicao-do-musica-no-museu\/","title":{"rendered":"Nesta quinta-feira (24\/5) tem a 8\u00aa edi\u00e7\u00e3o do M\u00fasica no Museu"},"content":{"rendered":"<p><a href=\"http:\/\/www.ufla.br\/dcom\/wp-content\/uploads\/2018\/05\/32207542_233641677214511_1613351602284920832_o.jpg\"><img loading=\"lazy\" decoding=\"async\" class=\"alignleft wp-image-157057 size-medium\" src=\"http:\/\/www.ufla.br\/dcom\/wp-content\/uploads\/2018\/05\/32207542_233641677214511_1613351602284920832_o-249x102.jpg\" alt=\"\" width=\"249\" height=\"102\" srcset=\"https:\/\/www.ufla.br\/dcom\/wp-content\/uploads\/2018\/05\/32207542_233641677214511_1613351602284920832_o-249x102.jpg 249w, https:\/\/www.ufla.br\/dcom\/wp-content\/uploads\/2018\/05\/32207542_233641677214511_1613351602284920832_o-768x315.jpg 768w, https:\/\/www.ufla.br\/dcom\/wp-content\/uploads\/2018\/05\/32207542_233641677214511_1613351602284920832_o-612x251.jpg 612w, https:\/\/www.ufla.br\/dcom\/wp-content\/uploads\/2018\/05\/32207542_233641677214511_1613351602284920832_o-120x49.jpg 120w\" sizes=\"auto, (max-width: 249px) 100vw, 249px\" \/><\/a>Diversas apresenta\u00e7\u00f5es musicais esperam por voc\u00ea nesta quinta-feira (24\/5), em mais uma edi\u00e7\u00e3o do M\u00fasica no Museu, projeto da Coordenadoria de Cultura da Pr\u00f3 Reitoria de Extens\u00e3o e Cultura (Proec\/UFLA).<\/p>\n<p>O M\u00fasica no Museu \u00e9 uma proposta que integra a comunidade universit\u00e1ria com a de Lavras e regi\u00e3o atrav\u00e9s de apresenta\u00e7\u00f5es art\u00edsticas gratuitas que promovem a cultura, e ainda d\u00e3o oportunidades a m\u00fasicos iniciantes e experientes de se apresentarem ao p\u00fablico. As performances s\u00e3o &nbsp;&nbsp;individuais e em grupos de c\u00e2mara, com instrumentos como violino, viola, violoncelo, clarinete, trompete, piano, viol\u00e3o e canto. Os expectadores t\u00eam a oportunidade de entrar em contato com obras conhecidas e tamb\u00e9m com interpreta\u00e7\u00f5es raras, de pe\u00e7as pouco tocadas em recitais e ainda desconhecidas do grande p\u00fablico.<\/p>\n<p>As apresenta\u00e7\u00f5es ocorrem no Museu Bi Moreira \u00e0s 19h30. Para esta edi\u00e7\u00e3o, os ingressos devem ser retirados gratuitamente na secretaria do Centro de Cultura, situada tamb\u00e9m no campus hist\u00f3rico, no hor\u00e1rio das 8h \u00e0s 12h e das 14h \u00e0s 18h.<\/p>\n<p><em><strong>Karina Mascarenhas- jornalista, bolsista Dcom\/Fapemig.&nbsp;<\/strong><\/em><\/p>\n","protected":false},"excerpt":{"rendered":"<p>Diversas apresenta\u00e7\u00f5es musicais esperam por voc\u00ea nesta quinta-feira (24\/5), em mais uma edi\u00e7\u00e3o do M\u00fasica no Museu, projeto da Coordenadoria de Cultura da Pr\u00f3 Reitoria de Extens\u00e3o e Cultura (Proec\/UFLA). O M\u00fasica no Museu \u00e9 uma proposta que integra a comunidade universit\u00e1ria com a de Lavras e regi\u00e3o atrav\u00e9s de apresenta\u00e7\u00f5es art\u00edsticas gratuitas que promovem &hellip; <a href=\"https:\/\/www.ufla.br\/dcom\/2018\/05\/22\/nesta-quinta-feira-24-5-tem-a-8a-edicao-do-musica-no-museu\/\" class=\"more-link\">Continue lendo <span class=\"screen-reader-text\">Nesta quinta-feira (24\/5) tem a 8\u00aa edi\u00e7\u00e3o do M\u00fasica no Museu<\/span> <span class=\"meta-nav\">&rarr;<\/span><\/a><\/p>\n","protected":false},"author":20,"featured_media":0,"comment_status":"closed","ping_status":"closed","sticky":false,"template":"","format":"standard","meta":{"ngg_post_thumbnail":0,"footnotes":""},"categories":[1,9],"tags":[166,896,2129,2126,237],"class_list":["post-157056","post","type-post","status-publish","format-standard","hentry","category-noticias","category-secundaria","tag-estudantes","tag-ex-alunos","tag-extensao-e-cultura","tag-ingressantes","tag-servidores"],"_links":{"self":[{"href":"https:\/\/www.ufla.br\/dcom\/wp-json\/wp\/v2\/posts\/157056","targetHints":{"allow":["GET"]}}],"collection":[{"href":"https:\/\/www.ufla.br\/dcom\/wp-json\/wp\/v2\/posts"}],"about":[{"href":"https:\/\/www.ufla.br\/dcom\/wp-json\/wp\/v2\/types\/post"}],"author":[{"embeddable":true,"href":"https:\/\/www.ufla.br\/dcom\/wp-json\/wp\/v2\/users\/20"}],"replies":[{"embeddable":true,"href":"https:\/\/www.ufla.br\/dcom\/wp-json\/wp\/v2\/comments?post=157056"}],"version-history":[{"count":2,"href":"https:\/\/www.ufla.br\/dcom\/wp-json\/wp\/v2\/posts\/157056\/revisions"}],"predecessor-version":[{"id":157063,"href":"https:\/\/www.ufla.br\/dcom\/wp-json\/wp\/v2\/posts\/157056\/revisions\/157063"}],"wp:attachment":[{"href":"https:\/\/www.ufla.br\/dcom\/wp-json\/wp\/v2\/media?parent=157056"}],"wp:term":[{"taxonomy":"category","embeddable":true,"href":"https:\/\/www.ufla.br\/dcom\/wp-json\/wp\/v2\/categories?post=157056"},{"taxonomy":"post_tag","embeddable":true,"href":"https:\/\/www.ufla.br\/dcom\/wp-json\/wp\/v2\/tags?post=157056"}],"curies":[{"name":"wp","href":"https:\/\/api.w.org\/{rel}","templated":true}]}}