{"id":156639,"date":"2018-05-18T09:52:29","date_gmt":"2018-05-18T12:52:29","guid":{"rendered":"http:\/\/www.ufla.br\/dcom\/?p=156639"},"modified":"2018-06-26T11:18:34","modified_gmt":"2018-06-26T14:18:34","slug":"ufla-recebe-swami-ramananda-em-palestra-sobre-paz-e-compaixao-em-tempos-de-conflito","status":"publish","type":"post","link":"https:\/\/www.ufla.br\/dcom\/2018\/05\/18\/ufla-recebe-swami-ramananda-em-palestra-sobre-paz-e-compaixao-em-tempos-de-conflito\/","title":{"rendered":"UFLA recebe Swami Ramananda em palestra sobre paz e compaix\u00e3o em tempos de conflito"},"content":{"rendered":"<p><a href=\"http:\/\/www.ufla.br\/dcom\/wp-content\/uploads\/2018\/05\/C_Users_jessica_AppData_Local_Packages_Microsoft.SkypeApp_kzf8qxf38zg5c_LocalState_a98628cd-0e96-4014-bae0-d7e7efe0e3f6.jpg\"><img loading=\"lazy\" decoding=\"async\" class=\"alignleft  wp-image-156643\" src=\"http:\/\/www.ufla.br\/dcom\/wp-content\/uploads\/2018\/05\/C_Users_jessica_AppData_Local_Packages_Microsoft.SkypeApp_kzf8qxf38zg5c_LocalState_a98628cd-0e96-4014-bae0-d7e7efe0e3f6-249x186.jpg\" alt=\"\" width=\"242\" height=\"181\" srcset=\"https:\/\/www.ufla.br\/dcom\/wp-content\/uploads\/2018\/05\/C_Users_jessica_AppData_Local_Packages_Microsoft.SkypeApp_kzf8qxf38zg5c_LocalState_a98628cd-0e96-4014-bae0-d7e7efe0e3f6-249x186.jpg 249w, https:\/\/www.ufla.br\/dcom\/wp-content\/uploads\/2018\/05\/C_Users_jessica_AppData_Local_Packages_Microsoft.SkypeApp_kzf8qxf38zg5c_LocalState_a98628cd-0e96-4014-bae0-d7e7efe0e3f6-768x574.jpg 768w, https:\/\/www.ufla.br\/dcom\/wp-content\/uploads\/2018\/05\/C_Users_jessica_AppData_Local_Packages_Microsoft.SkypeApp_kzf8qxf38zg5c_LocalState_a98628cd-0e96-4014-bae0-d7e7efe0e3f6-612x457.jpg 612w, https:\/\/www.ufla.br\/dcom\/wp-content\/uploads\/2018\/05\/C_Users_jessica_AppData_Local_Packages_Microsoft.SkypeApp_kzf8qxf38zg5c_LocalState_a98628cd-0e96-4014-bae0-d7e7efe0e3f6-120x90.jpg 120w, https:\/\/www.ufla.br\/dcom\/wp-content\/uploads\/2018\/05\/C_Users_jessica_AppData_Local_Packages_Microsoft.SkypeApp_kzf8qxf38zg5c_LocalState_a98628cd-0e96-4014-bae0-d7e7efe0e3f6.jpg 2048w\" sizes=\"auto, (max-width: 242px) 100vw, 242px\" \/><\/a>Na \u00faltima segunda-feira (14\/5), a Universidade Federal de Lavras (UFLA) recebeu o monge americano de Yoga, Swami Ramananda na palestra \u201cCultivando a paz e compaix\u00e3o em tempos de conflitos\u201d, realizada no Anfiteatro do Departamento de Administra\u00e7\u00e3o e Economia (DAE\/UFLA).<\/p>\n<p>Na ocasi\u00e3o, o palestrante abordou sobre como os ensinamentos e pr\u00e1ticas do Yoga podem auxiliar as pessoas a encontrar solo firme em meio a tantas turbul\u00eancias do mundo, tornando-as consciente dos seus medos e conflitos internos, para assim fazer as pazes com seu pr\u00f3prio cora\u00e7\u00e3o e transmitir essa mensagem de paz.<\/p>\n<p>Swami Ramananda \u00e9 um monge do Yoga Integral reconhecido mundialmente, que tem se dedicado \u00e0 pr\u00e1tica por mais de 40 anos. Atualmente mora na cidade de Buckingham, Virginia, nos Estados Unidos.<\/p>\n<p>A palestra contou com a presen\u00e7a de cerca de 80 pessoas de Lavras e regi\u00e3o, sendo arrecadados alimentos n\u00e3o perec\u00edveis, bem como roupas e cal\u00e7ados, que foram destinados para entidades filantr\u00f3picas da cidade.<\/p>\n<p>O evento foi promovido em parceria com o projeto da UFLA de \u201cYoga e Qualidade de Vida\u201d, coordenado pela professora do DAE, Viviane Santos Pereira e o Centro de Yoga Integral Satchidananda (CYIS).<\/p>\n<p>Interessados em acompanhar outras&nbsp;informa\u00e7\u00f5es podem solicitar a participa\u00e7\u00e3o no grupo&nbsp;<a href=\"https:\/\/www.facebook.com\/groups\/310835638985158\/?fref=ts\"><strong>Yoga na Capela<\/strong><\/a> do Facebook.<\/p>\n<p><em><strong>Luciana Tereza- estagi\u00e1ria Dcom\/UFLA, com colabora\u00e7\u00e3o da professora do DAE, Viviane Santos Pereira.<\/strong><\/em><\/p>\n","protected":false},"excerpt":{"rendered":"<p>Na \u00faltima segunda-feira (14\/5), a Universidade Federal de Lavras (UFLA) recebeu o monge americano de Yoga, Swami Ramananda na palestra \u201cCultivando a paz e compaix\u00e3o em tempos de conflitos\u201d, realizada no Anfiteatro do Departamento de Administra\u00e7\u00e3o e Economia (DAE\/UFLA). Na ocasi\u00e3o, o palestrante abordou sobre como os ensinamentos e pr\u00e1ticas do Yoga podem auxiliar as &hellip; <a href=\"https:\/\/www.ufla.br\/dcom\/2018\/05\/18\/ufla-recebe-swami-ramananda-em-palestra-sobre-paz-e-compaixao-em-tempos-de-conflito\/\" class=\"more-link\">Continue lendo <span class=\"screen-reader-text\">UFLA recebe Swami Ramananda em palestra sobre paz e compaix\u00e3o em tempos de conflito<\/span> <span class=\"meta-nav\">&rarr;<\/span><\/a><\/p>\n","protected":false},"author":20,"featured_media":0,"comment_status":"closed","ping_status":"closed","sticky":false,"template":"","format":"standard","meta":{"ngg_post_thumbnail":0,"footnotes":""},"categories":[1,9],"tags":[166,896,2126,510,2127,237],"class_list":["post-156639","post","type-post","status-publish","format-standard","hentry","category-noticias","category-secundaria","tag-estudantes","tag-ex-alunos","tag-ingressantes","tag-institucional","tag-internacional","tag-servidores"],"_links":{"self":[{"href":"https:\/\/www.ufla.br\/dcom\/wp-json\/wp\/v2\/posts\/156639","targetHints":{"allow":["GET"]}}],"collection":[{"href":"https:\/\/www.ufla.br\/dcom\/wp-json\/wp\/v2\/posts"}],"about":[{"href":"https:\/\/www.ufla.br\/dcom\/wp-json\/wp\/v2\/types\/post"}],"author":[{"embeddable":true,"href":"https:\/\/www.ufla.br\/dcom\/wp-json\/wp\/v2\/users\/20"}],"replies":[{"embeddable":true,"href":"https:\/\/www.ufla.br\/dcom\/wp-json\/wp\/v2\/comments?post=156639"}],"version-history":[{"count":1,"href":"https:\/\/www.ufla.br\/dcom\/wp-json\/wp\/v2\/posts\/156639\/revisions"}],"predecessor-version":[{"id":156644,"href":"https:\/\/www.ufla.br\/dcom\/wp-json\/wp\/v2\/posts\/156639\/revisions\/156644"}],"wp:attachment":[{"href":"https:\/\/www.ufla.br\/dcom\/wp-json\/wp\/v2\/media?parent=156639"}],"wp:term":[{"taxonomy":"category","embeddable":true,"href":"https:\/\/www.ufla.br\/dcom\/wp-json\/wp\/v2\/categories?post=156639"},{"taxonomy":"post_tag","embeddable":true,"href":"https:\/\/www.ufla.br\/dcom\/wp-json\/wp\/v2\/tags?post=156639"}],"curies":[{"name":"wp","href":"https:\/\/api.w.org\/{rel}","templated":true}]}}