{"id":156380,"date":"2018-05-17T19:29:09","date_gmt":"2018-05-17T22:29:09","guid":{"rendered":"http:\/\/www.ufla.br\/dcom\/?p=156380"},"modified":"2018-06-22T15:44:05","modified_gmt":"2018-06-22T18:44:05","slug":"pint-of-science-festival-leva-ciencia-e-inovacao-aos-bares-de-lavras","status":"publish","type":"post","link":"https:\/\/www.ufla.br\/dcom\/2018\/05\/17\/pint-of-science-festival-leva-ciencia-e-inovacao-aos-bares-de-lavras\/","title":{"rendered":"Pint of Science: festival leva ci\u00eancia e inova\u00e7\u00e3o aos bares de Lavras"},"content":{"rendered":"<p style=\"text-align: center;\"><em>A primeira edi\u00e7\u00e3o na cidade envolveu cerca de 600&nbsp;pessoas durante tr\u00eas noites de palestras, debates e divers\u00e3o<\/em><\/p>\n<figure id=\"attachment_156613\" aria-describedby=\"caption-attachment-156613\" style=\"width: 249px\" class=\"wp-caption alignleft\"><a href=\"http:\/\/www.ufla.br\/dcom\/wp-content\/uploads\/2018\/05\/IMG_8108.jpg\"><img loading=\"lazy\" decoding=\"async\" class=\"wp-image-156613 size-medium\" src=\"http:\/\/www.ufla.br\/dcom\/wp-content\/uploads\/2018\/05\/IMG_8108-249x166.jpg\" alt=\"\" width=\"249\" height=\"166\" srcset=\"https:\/\/www.ufla.br\/dcom\/wp-content\/uploads\/2018\/05\/IMG_8108-249x166.jpg 249w, https:\/\/www.ufla.br\/dcom\/wp-content\/uploads\/2018\/05\/IMG_8108-768x512.jpg 768w, https:\/\/www.ufla.br\/dcom\/wp-content\/uploads\/2018\/05\/IMG_8108-612x408.jpg 612w, https:\/\/www.ufla.br\/dcom\/wp-content\/uploads\/2018\/05\/IMG_8108-120x80.jpg 120w, https:\/\/www.ufla.br\/dcom\/wp-content\/uploads\/2018\/05\/IMG_8108.jpg 1920w\" sizes=\"auto, (max-width: 249px) 100vw, 249px\" \/><\/a><figcaption id=\"caption-attachment-156613\" class=\"wp-caption-text\">A primeira edi\u00e7\u00e3o do Pint of Science lotou os estabelecimentos durante as tr\u00eas noites de evento<\/figcaption><\/figure>\n<p>Lugar de ci\u00eancia n\u00e3o \u00e9 apenas na Universidade. Entre os dias 14\/5 e 16\/5, a UFLA promoveu o Pint of Science \u2013 maior festival de divulga\u00e7\u00e3o cient\u00edfica do mundo \u2013, levando o debate sobre ci\u00eancia e tecnologia para bares de Lavras. Durante as tr\u00eas noites, as atividades gratuitas foram realizadas, simultaneamente, nos estabelecimentos Bar\u00e3o Steakhouse e UaiMaki, levando \u00e0 comunidade novos conhecimentos e a oportunidade de debater com pesquisadores de diversas \u00e1reas.&nbsp;O festival aconteceu em 21 pa\u00edses e em 56 cidades brasileiras.<\/p>\n<p>Entre os temas das palestras estiveram a ci\u00eancia do caf\u00e9, a intelig\u00eancia artificial e o desenvolvimento de rob\u00f4s, as tecnologias do futuro, a biodiversidade das cavernas, os mist\u00e9rios do espa\u00e7o sideral e os nano-sat\u00e9lites, al\u00e9m da apresenta\u00e7\u00e3o dos futuros empreendimentos da UFLA voltados para inova\u00e7\u00e3o tecnol\u00f3gica e para a sa\u00fade e bem-estar da comunidade lavrense: o Lavrastec \u2013 parque cient\u00edfico e tecnol\u00f3gico &#8211; e o Hospital Universit\u00e1rio. &nbsp;&nbsp;<\/p>\n<p>O secret\u00e1rio de Cultura de Lavras, Alexandre Belo, prestigiou e parabenizou o evento. \u201cA constru\u00e7\u00e3o do conhecimento \u00e9 feita continuamente. Trazer um evento de Ci\u00eancia e Tecnologia para um espa\u00e7o em que a cultura est\u00e1 sempre presente \u00e9 uma iniciativa que certamente vai gerar bons frutos. Dessa forma, a ci\u00eancia pode alcan\u00e7ar toda a nossa comunidade\u201d, explicou.<\/p>\n<p>Para a estudante de Engenharia Florestal, Laura Ribeiro, conhecer sobre um tema diferente, em um local descontra\u00eddo como o bar, permite a intera\u00e7\u00e3o de todos. \u201cAchei sensacional. Mal come\u00e7ou e j\u00e1 quero outras edi\u00e7\u00f5es. O debate aqui extrapola o conte\u00fado abordado em sala de aula\u201d, contou a graduanda, que assistiu \u00e0 palestra sobre buracos negros e nano-sat\u00e9lites.<\/p>\n<figure id=\"attachment_156614\" aria-describedby=\"caption-attachment-156614\" style=\"width: 249px\" class=\"wp-caption alignright\"><a href=\"http:\/\/www.ufla.br\/dcom\/wp-content\/uploads\/2018\/05\/IMG_8174.jpg\"><img loading=\"lazy\" decoding=\"async\" class=\"wp-image-156614 size-medium\" src=\"http:\/\/www.ufla.br\/dcom\/wp-content\/uploads\/2018\/05\/IMG_8174-249x166.jpg\" alt=\"\" width=\"249\" height=\"166\" srcset=\"https:\/\/www.ufla.br\/dcom\/wp-content\/uploads\/2018\/05\/IMG_8174-249x166.jpg 249w, https:\/\/www.ufla.br\/dcom\/wp-content\/uploads\/2018\/05\/IMG_8174-768x512.jpg 768w, https:\/\/www.ufla.br\/dcom\/wp-content\/uploads\/2018\/05\/IMG_8174-612x408.jpg 612w, https:\/\/www.ufla.br\/dcom\/wp-content\/uploads\/2018\/05\/IMG_8174-120x80.jpg 120w, https:\/\/www.ufla.br\/dcom\/wp-content\/uploads\/2018\/05\/IMG_8174.jpg 1920w\" sizes=\"auto, (max-width: 249px) 100vw, 249px\" \/><\/a><figcaption id=\"caption-attachment-156614\" class=\"wp-caption-text\">O pequeno Luca e os pais se divertiram e aprenderam mais sobre biodiversidade nas cavernas<\/figcaption><\/figure>\n<p>E at\u00e9 quem buscava lazer com a fam\u00edlia se surpreendeu positivamente com a chance de conhecer mais sobre a ci\u00eancia das cavernas. Foi o caso da advogada Let\u00edcia Pedroso e do empres\u00e1rio Daniel Carvalho, que juntos do pequeno Luca, de 4 anos, assistiram \u00e0 palestra sobre biodiversidade em ambientes cavern\u00edcolas. \u201cAchei bem interessante, inclusive para o Luca, que gosta muito de animais. Com essas a\u00e7\u00f5es, a comunidade pode ficar sabendo o que \u00e9 feito dentro da universidade e sobre as novidades de outras \u00e1reas de estudo, que normalmente n\u00e3o temos acesso\u201d, ressaltou Let\u00edcia.<\/p>\n<p><strong>Primeira edi\u00e7\u00e3o em Lavras superou expectativas<\/strong><\/p>\n<p>Foi a primeira vez que o <em>Pint of Science<\/em> foi realizado em Lavras, e o desafio da organiza\u00e7\u00e3o ficou a cargo do professor do Departamento de F\u00edsica (DFI\/UFLA), Jos\u00e9 Alberto Casto Nogales, e da equipe do projeto \u201cA Magia da F\u00edsica e do Universo\u201d, que j\u00e1 promove atividades similares de divulga\u00e7\u00e3o cient\u00edfica em bares e restaurantes, como o evento <a href=\"http:\/\/www.ufla.br\/dcom\/2017\/06\/06\/primeira-acao-do-projeto-os-trem-da-ciencia-alcanca-resultados-positivos\/\">\u201cO trem da ci\u00eancia\u201d<\/a>. De acordo com Nogales, o festival na cidade superou expectativas, envolvendo 600 pessoas nos tr\u00eas dias de atividades.&nbsp;<\/p>\n<figure id=\"attachment_156615\" aria-describedby=\"caption-attachment-156615\" style=\"width: 249px\" class=\"wp-caption alignleft\"><a href=\"http:\/\/www.ufla.br\/dcom\/wp-content\/uploads\/2018\/05\/IMG_8288.jpg\"><img loading=\"lazy\" decoding=\"async\" class=\"wp-image-156615 size-medium\" src=\"http:\/\/www.ufla.br\/dcom\/wp-content\/uploads\/2018\/05\/IMG_8288-249x166.jpg\" alt=\"\" width=\"249\" height=\"166\" srcset=\"https:\/\/www.ufla.br\/dcom\/wp-content\/uploads\/2018\/05\/IMG_8288-249x166.jpg 249w, https:\/\/www.ufla.br\/dcom\/wp-content\/uploads\/2018\/05\/IMG_8288-768x512.jpg 768w, https:\/\/www.ufla.br\/dcom\/wp-content\/uploads\/2018\/05\/IMG_8288-612x408.jpg 612w, https:\/\/www.ufla.br\/dcom\/wp-content\/uploads\/2018\/05\/IMG_8288-120x80.jpg 120w, https:\/\/www.ufla.br\/dcom\/wp-content\/uploads\/2018\/05\/IMG_8288.jpg 1920w\" sizes=\"auto, (max-width: 249px) 100vw, 249px\" \/><\/a><figcaption id=\"caption-attachment-156615\" class=\"wp-caption-text\">Parte da equipe organizadora e palestrantes no \u00faltimo dia do Pint of Science<\/figcaption><\/figure>\n<p>A estudante de Engenharia Ambiental e Sanit\u00e1ria, Jhenifer Silva Honorato, \u00e9 integrante do \u201cA Magia da F\u00edsica e do Universo\u201d h\u00e1 tr\u00eas anos e considerou uma oportunidade \u00edmpar participar da organiza\u00e7\u00e3o de um evento internacional. \u201cO Pint of Science tem um objetivo muito &nbsp;importante de compartilhar a ci\u00eancia. Fiquei feliz em ver o local cheio e as pessoas participando, fazendo perguntas e interagindo com os professores\u201d, contou.<\/p>\n<p><iframe loading=\"lazy\" title=\"Pint of Science Lavras\" width=\"474\" height=\"267\" src=\"https:\/\/www.youtube.com\/embed\/5cJyD6z20Jc?feature=oembed\" frameborder=\"0\" allow=\"accelerometer; autoplay; clipboard-write; encrypted-media; gyroscope; picture-in-picture; web-share\" referrerpolicy=\"strict-origin-when-cross-origin\" allowfullscreen><\/iframe><\/p>\n<p><em><strong>Fotos e texto com a colabora\u00e7\u00e3o de Ana Eliza Alvim, Camila Caetano, Mayara Toyama, Karina Mascarenhas e&nbsp;Pollyanna Dias<\/strong><\/em><\/p>\nngg_shortcode_0_placeholder\n<p>&nbsp;<\/p>\n","protected":false},"excerpt":{"rendered":"<p>A primeira edi\u00e7\u00e3o na cidade envolveu cerca de 600\u00a0pessoas durante tr\u00eas noites de palestras, debates e divers\u00e3o. Confira como foi o evento.<\/p>\n","protected":false},"author":31,"featured_media":0,"comment_status":"closed","ping_status":"closed","sticky":false,"template":"","format":"standard","meta":{"ngg_post_thumbnail":0,"footnotes":""},"categories":[1,10],"tags":[166,896,2129,2126,237],"class_list":["post-156380","post","type-post","status-publish","format-standard","hentry","category-noticias","category-menores","tag-estudantes","tag-ex-alunos","tag-extensao-e-cultura","tag-ingressantes","tag-servidores"],"_links":{"self":[{"href":"https:\/\/www.ufla.br\/dcom\/wp-json\/wp\/v2\/posts\/156380","targetHints":{"allow":["GET"]}}],"collection":[{"href":"https:\/\/www.ufla.br\/dcom\/wp-json\/wp\/v2\/posts"}],"about":[{"href":"https:\/\/www.ufla.br\/dcom\/wp-json\/wp\/v2\/types\/post"}],"author":[{"embeddable":true,"href":"https:\/\/www.ufla.br\/dcom\/wp-json\/wp\/v2\/users\/31"}],"replies":[{"embeddable":true,"href":"https:\/\/www.ufla.br\/dcom\/wp-json\/wp\/v2\/comments?post=156380"}],"version-history":[{"count":15,"href":"https:\/\/www.ufla.br\/dcom\/wp-json\/wp\/v2\/posts\/156380\/revisions"}],"predecessor-version":[{"id":156637,"href":"https:\/\/www.ufla.br\/dcom\/wp-json\/wp\/v2\/posts\/156380\/revisions\/156637"}],"wp:attachment":[{"href":"https:\/\/www.ufla.br\/dcom\/wp-json\/wp\/v2\/media?parent=156380"}],"wp:term":[{"taxonomy":"category","embeddable":true,"href":"https:\/\/www.ufla.br\/dcom\/wp-json\/wp\/v2\/categories?post=156380"},{"taxonomy":"post_tag","embeddable":true,"href":"https:\/\/www.ufla.br\/dcom\/wp-json\/wp\/v2\/tags?post=156380"}],"curies":[{"name":"wp","href":"https:\/\/api.w.org\/{rel}","templated":true}]}}