{"id":15585,"date":"2012-10-25T11:52:06","date_gmt":"2012-10-25T14:52:06","guid":{"rendered":"http:\/\/www.ufla.br\/ascom\/?p=15585"},"modified":"2013-01-08T10:40:13","modified_gmt":"2013-01-08T13:40:13","slug":"manha-de-esportes-neste-domingo-abre-festival-de-verao-do-ciuni","status":"publish","type":"post","link":"https:\/\/www.ufla.br\/dcom\/2012\/10\/25\/manha-de-esportes-neste-domingo-abre-festival-de-verao-do-ciuni\/","title":{"rendered":"Manh\u00e3 de esportes neste domingo abre Festival de Ver\u00e3o do Ciuni"},"content":{"rendered":"<h6><a href=\"http:\/\/www.ufla.br\/ascom\/index.php\/2012\/10\/manha-de-esportes-neste-domingo-abre-festival-de-verao-do-ciuni\/ciuni\/\" rel=\"attachment wp-att-15586\"><img loading=\"lazy\" decoding=\"async\" class=\"alignleft size-medium wp-image-15586\" title=\"\" alt=\"\" src=\"http:\/\/www.ufla.br\/ascom\/wp-content\/uploads\/2012\/10\/ciuni-249x180.jpg\" width=\"249\" height=\"180\" srcset=\"https:\/\/www.ufla.br\/dcom\/wp-content\/uploads\/2012\/10\/ciuni-249x180.jpg 249w, https:\/\/www.ufla.br\/dcom\/wp-content\/uploads\/2012\/10\/ciuni.jpg 483w\" sizes=\"auto, (max-width: 249px) 100vw, 249px\" \/><\/a><\/h6>\n<p>Para animar a esta\u00e7\u00e3o mais quente do ano, ser\u00e1 realizado o\u00a0Festival de Ver\u00e3o no Centro de Integra\u00e7\u00e3o Universit\u00e1ria da UFLA (Ciuni). A primeira atra\u00e7\u00e3o \u00e9 o Doming\u00e3o do Le\u00e3o, um conjunto de atividades esportivas no domingo (28), a partir das 9 horas.<\/p>\n<p>Nesse dia e hor\u00e1rio, ser\u00e1 realizado o campeonato de V\u00f4lei de Praia Misto. As equipes ser\u00e3o compostas por dois homens e duas mulheres e haver\u00e1 premia\u00e7\u00e3o para a equipe vencedora. As inscri\u00e7\u00f5es est\u00e3o abertas na sede da Liga Esportiva da UFLA (Leufla), no pr\u00e9dio dos Centros Acad\u00eamicos, at\u00e9 a sexta-feira (26). O valor da inscri\u00e7\u00e3o \u00e9 R$2,00 (dois reais) por pessoa.<\/p>\n<p>Al\u00e9m do v\u00f4lei de praia, quem comparecer ao Ciuni poder\u00e1 praticar peteca, futebol, slackline e nata\u00e7\u00e3o, independentemente de estar inscrito no campeonato. Haver\u00e1 tamb\u00e9m outras atra\u00e7\u00f5es.<\/p>\n<p>&nbsp;<\/p>\n","protected":false},"excerpt":{"rendered":"<p>Para animar ainda mais a esta\u00e7\u00e3o mais quente do ano, ser\u00e1 realizado o Festival de Ver\u00e3o no Centro de Integra\u00e7\u00e3o Universit\u00e1ria da UFLA (&#8230;)<\/p>\n","protected":false},"author":8,"featured_media":0,"comment_status":"closed","ping_status":"closed","sticky":false,"template":"","format":"standard","meta":{"ngg_post_thumbnail":0,"footnotes":""},"categories":[1],"tags":[],"class_list":["post-15585","post","type-post","status-publish","format-standard","hentry","category-noticias"],"_links":{"self":[{"href":"https:\/\/www.ufla.br\/dcom\/wp-json\/wp\/v2\/posts\/15585","targetHints":{"allow":["GET"]}}],"collection":[{"href":"https:\/\/www.ufla.br\/dcom\/wp-json\/wp\/v2\/posts"}],"about":[{"href":"https:\/\/www.ufla.br\/dcom\/wp-json\/wp\/v2\/types\/post"}],"author":[{"embeddable":true,"href":"https:\/\/www.ufla.br\/dcom\/wp-json\/wp\/v2\/users\/8"}],"replies":[{"embeddable":true,"href":"https:\/\/www.ufla.br\/dcom\/wp-json\/wp\/v2\/comments?post=15585"}],"version-history":[{"count":8,"href":"https:\/\/www.ufla.br\/dcom\/wp-json\/wp\/v2\/posts\/15585\/revisions"}],"predecessor-version":[{"id":15592,"href":"https:\/\/www.ufla.br\/dcom\/wp-json\/wp\/v2\/posts\/15585\/revisions\/15592"}],"wp:attachment":[{"href":"https:\/\/www.ufla.br\/dcom\/wp-json\/wp\/v2\/media?parent=15585"}],"wp:term":[{"taxonomy":"category","embeddable":true,"href":"https:\/\/www.ufla.br\/dcom\/wp-json\/wp\/v2\/categories?post=15585"},{"taxonomy":"post_tag","embeddable":true,"href":"https:\/\/www.ufla.br\/dcom\/wp-json\/wp\/v2\/tags?post=15585"}],"curies":[{"name":"wp","href":"https:\/\/api.w.org\/{rel}","templated":true}]}}