{"id":154970,"date":"2018-05-14T10:06:28","date_gmt":"2018-05-14T13:06:28","guid":{"rendered":"http:\/\/www.ufla.br\/dcom\/?p=154970"},"modified":"2021-09-20T14:12:23","modified_gmt":"2021-09-20T17:12:23","slug":"tecnologias-na-pecuaria-contribuem-para-uma-producao-mais-sustentavel","status":"publish","type":"post","link":"https:\/\/www.ufla.br\/dcom\/2018\/05\/14\/tecnologias-na-pecuaria-contribuem-para-uma-producao-mais-sustentavel\/","title":{"rendered":"Tecnologias na pecu\u00e1ria contribuem para uma produ\u00e7\u00e3o mais sustent\u00e1vel"},"content":{"rendered":"<figure id=\"attachment_154972\" aria-describedby=\"caption-attachment-154972\" style=\"width: 249px\" class=\"wp-caption alignright\"><img loading=\"lazy\" decoding=\"async\" class=\"size-medium wp-image-154972\" src=\"http:\/\/www.ufla.br\/dcom\/wp-content\/uploads\/2018\/05\/IMG_5519-249x166.jpg\" alt=\"\" width=\"249\" height=\"166\" srcset=\"https:\/\/www.ufla.br\/dcom\/wp-content\/uploads\/2018\/05\/IMG_5519-249x166.jpg 249w, https:\/\/www.ufla.br\/dcom\/wp-content\/uploads\/2018\/05\/IMG_5519-768x512.jpg 768w, https:\/\/www.ufla.br\/dcom\/wp-content\/uploads\/2018\/05\/IMG_5519-612x408.jpg 612w, https:\/\/www.ufla.br\/dcom\/wp-content\/uploads\/2018\/05\/IMG_5519-120x80.jpg 120w, https:\/\/www.ufla.br\/dcom\/wp-content\/uploads\/2018\/05\/IMG_5519.jpg 1920w\" sizes=\"auto, (max-width: 249px) 100vw, 249px\" \/><figcaption id=\"caption-attachment-154972\" class=\"wp-caption-text\">Professor Mateus Pies Gionbelli, especialista em Bovinocultura de Corte (DZO\/UFLA)<\/figcaption><\/figure>\n<p>Voc\u00ea j\u00e1 ouviu falar que a pecu\u00e1ria \u00e9 uma das grandes respons\u00e1veis pela concentra\u00e7\u00e3o de gases de efeito estufa na atmosfera? Um dos motivos de ter sido por muito tempo considerada vil\u00e3 \u00e9 o fato de os bovinos serem animais ruminantes.&nbsp;<\/p>\n<p>\u201cEsses animais produzem um g\u00e1s chamado metano (CH<sub>4<\/sub>) atrav\u00e9s de um processo de fermenta\u00e7\u00e3o ent\u00e9rica, que permite que eles sejam capazes de digerir alimentos fibrosos, como capins, que t\u00eam baixo valor para os humanos, e converter em alimentos de alt\u00edssimo valor biol\u00f3gico para n\u00f3s, como a carne e o leite&#8221;,&nbsp;comenta o professor Mateus Pies Gionbelli, especialista em Bovinocultura de Corte do Departamento de Zootecnia da Universidade Federal de Lavras (DZO\/UFLA).<\/p>\n<p>O metano \u00e9 um dos gases que causam a destrui\u00e7\u00e3o da camada de oz\u00f4nio, por\u00e9m n\u00e3o \u00e9 o dominante. \u201cTemos o di\u00f3xido de carbono (CO<sub>2<\/sub>), que \u00e9 o principal contribuidor para o efeito estufa. Se considerarmos o total de emiss\u00f5es que causam o efeito estufa, pelo menos dois ter\u00e7os delas s\u00e3o de g\u00e1s carb\u00f4nico, cuja origem vem de processos industriais e da produ\u00e7\u00e3o de energia, principalmente da queima de combust\u00edveis f\u00f3sseis. Se somarmos ainda a quantidade de g\u00e1s carb\u00f4nico produzida com o mau uso da terra e das florestas, esse valor \u00e9 ainda mais surpreendente\u201d, enfatiza Mateus.<\/p>\n<p>Com um rebanho de mais de 218 milh\u00f5es de cabe\u00e7as, de acordo com o \u00faltimo levantamento do Instituto Brasileiro de Geografia e Estat\u00edstica (IBGE), o Brasil tem buscado alternativas para conciliar a pr\u00e1tica da pecu\u00e1ria com o meio ambiente e, ainda assim, gerar boa produtividade \u201cH\u00e1 recentes artigos cient\u00edficos, publicados em revistas de alto impacto como a <em><a href=\"https:\/\/www.nature.com\/articles\/nclimate2916\">Nature Climate Change<\/a>,<\/em> que mostram que a produ\u00e7\u00e3o de bovinos em sistemas intensivos, elaborados com muito crit\u00e9rio e ado\u00e7\u00e3o de tecnologias, \u00e9 capaz de ter um saldo positivo sobre o meio ambiente, mitigando gases de efeito estufa. Sistemas sustent\u00e1veis que n\u00e3o s\u00e3o dif\u00edceis de serem mantidos\u201d, explica o especialista.<\/p>\n<p>Como modelo dessas tecnologias, h\u00e1, por exemplo, a utiliza\u00e7\u00e3o de pastos consorciados de gram\u00edneas e leguminosas, a integra\u00e7\u00e3o entre lavoura e pecu\u00e1ria e entre pecu\u00e1ria e florestas. Para o professor, o importante \u00e9 que al\u00e9m de alinhar at\u00e9 tr\u00eas sistemas de produ\u00e7\u00e3o, a diversifica\u00e7\u00e3o proporciona maior lucratividade; al\u00e9m disso, o uso intensivo bem manejado dessas pastagens pode melhorar bastante o balan\u00e7o entre capta\u00e7\u00e3o e emiss\u00e3o de gases de efeito estufa. O resultado final ainda diminui a \u00e1rea de pastagens e preserva o meio ambiente. \u201cQuanto mais tecnologia \u00e9 aplicada no sistema de produ\u00e7\u00e3o, menor fica o custo ambiental por quilograma de produto produzido e mais sustent\u00e1vel \u00e9 o sistema&#8221;.<\/p>\n<p><img loading=\"lazy\" decoding=\"async\" class=\"size-medium wp-image-154974 alignleft\" src=\"http:\/\/www.ufla.br\/dcom\/wp-content\/uploads\/2018\/05\/IMG_7026-249x166.jpg\" alt=\"\" width=\"249\" height=\"166\" srcset=\"https:\/\/www.ufla.br\/dcom\/wp-content\/uploads\/2018\/05\/IMG_7026-249x166.jpg 249w, https:\/\/www.ufla.br\/dcom\/wp-content\/uploads\/2018\/05\/IMG_7026-768x512.jpg 768w, https:\/\/www.ufla.br\/dcom\/wp-content\/uploads\/2018\/05\/IMG_7026-612x408.jpg 612w, https:\/\/www.ufla.br\/dcom\/wp-content\/uploads\/2018\/05\/IMG_7026-120x80.jpg 120w\" sizes=\"auto, (max-width: 249px) 100vw, 249px\" \/>Modelos de produ\u00e7\u00e3o integrada e outras alternativas para a pecu\u00e1ria muitas vezes s\u00e3o gerados dentro do ambiente acad\u00eamico. \u201cAs universidades brasileiras t\u00eam fornecido muita tecnologia que permite a produ\u00e7\u00e3o intensiva em pastagens, em confinamento, e a produ\u00e7\u00e3o sustent\u00e1vel de carne bovina\u201d. Para orientar os produtores, professores e estudantes da UFLA realizam de 28 a 30 de maio, a II Confer\u00eancia Internacional sobre Forragens (Confor), que abordar\u00e1 temas como o&nbsp;papel da forragem e dos gr\u00e3os na produ\u00e7\u00e3o de leite; o&nbsp;papel da semente e da fertilidade do solo na produ\u00e7\u00e3o de forragens com um dia de campo e o papel da forragem e dos gr\u00e3os na produ\u00e7\u00e3o de carne. Detalhes e inscri\u00e7\u00f5es para o evento pelo <a href=\"http:\/\/www.nucleoestudo.ufla.br\/nefor\/confor\/\">site<\/a> do 2\u00ba Confor.<\/p>\n<p><iframe loading=\"lazy\" title=\"Pecu\u00e1ria x Meio Ambiente\" width=\"474\" height=\"267\" src=\"https:\/\/www.youtube.com\/embed\/qRSm4nUV34s?feature=oembed\" frameborder=\"0\" allow=\"accelerometer; autoplay; clipboard-write; encrypted-media; gyroscope; picture-in-picture; web-share\" referrerpolicy=\"strict-origin-when-cross-origin\" allowfullscreen><\/iframe><\/p>\n<p><strong><em>Reportagem:&nbsp; Karina Mascarenhas, jornalista \u2013 bolsista Fapemig\/Dcom<\/em><\/strong><br \/>\n<strong><em>Edi\u00e7\u00e3o do v\u00eddeo:&nbsp;Mayara Toyama, bolsista Fapemig\/Dcom<\/em><\/strong><\/p>\n<p>Esse conte\u00fado de populariza\u00e7\u00e3o da ci\u00eancia foi produzido com o apoio da Funda\u00e7\u00e3o de Amparo \u00e0 Pesquisa de Minas Gerais &#8211; Fapemig.<\/p>\n","protected":false},"excerpt":{"rendered":"<p>Voc\u00ea j\u00e1 ouviu falar que a pecu\u00e1ria \u00e9 uma das grandes respons\u00e1veis pela concentra\u00e7\u00e3o de gases de efeito estufa na atmosfera? Um dos motivos de ter sido por muito tempo considerada vil\u00e3 \u00e9 o fato de os bovinos serem animais ruminantes.&nbsp; \u201cEsses animais produzem um g\u00e1s chamado metano (CH4) atrav\u00e9s de um processo de fermenta\u00e7\u00e3o &hellip; <a href=\"https:\/\/www.ufla.br\/dcom\/2018\/05\/14\/tecnologias-na-pecuaria-contribuem-para-uma-producao-mais-sustentavel\/\" class=\"more-link\">Continue lendo <span class=\"screen-reader-text\">Tecnologias na pecu\u00e1ria contribuem para uma produ\u00e7\u00e3o mais sustent\u00e1vel<\/span> <span class=\"meta-nav\">&rarr;<\/span><\/a><\/p>\n","protected":false},"author":20,"featured_media":0,"comment_status":"closed","ping_status":"closed","sticky":false,"template":"","format":"standard","meta":{"ngg_post_thumbnail":0,"footnotes":""},"categories":[1,10],"tags":[2128,2131],"class_list":["post-154970","post","type-post","status-publish","format-standard","hentry","category-noticias","category-menores","tag-pesquisa-e-inovacao","tag-todos-os-publicos"],"_links":{"self":[{"href":"https:\/\/www.ufla.br\/dcom\/wp-json\/wp\/v2\/posts\/154970","targetHints":{"allow":["GET"]}}],"collection":[{"href":"https:\/\/www.ufla.br\/dcom\/wp-json\/wp\/v2\/posts"}],"about":[{"href":"https:\/\/www.ufla.br\/dcom\/wp-json\/wp\/v2\/types\/post"}],"author":[{"embeddable":true,"href":"https:\/\/www.ufla.br\/dcom\/wp-json\/wp\/v2\/users\/20"}],"replies":[{"embeddable":true,"href":"https:\/\/www.ufla.br\/dcom\/wp-json\/wp\/v2\/comments?post=154970"}],"version-history":[{"count":8,"href":"https:\/\/www.ufla.br\/dcom\/wp-json\/wp\/v2\/posts\/154970\/revisions"}],"predecessor-version":[{"id":159182,"href":"https:\/\/www.ufla.br\/dcom\/wp-json\/wp\/v2\/posts\/154970\/revisions\/159182"}],"wp:attachment":[{"href":"https:\/\/www.ufla.br\/dcom\/wp-json\/wp\/v2\/media?parent=154970"}],"wp:term":[{"taxonomy":"category","embeddable":true,"href":"https:\/\/www.ufla.br\/dcom\/wp-json\/wp\/v2\/categories?post=154970"},{"taxonomy":"post_tag","embeddable":true,"href":"https:\/\/www.ufla.br\/dcom\/wp-json\/wp\/v2\/tags?post=154970"}],"curies":[{"name":"wp","href":"https:\/\/api.w.org\/{rel}","templated":true}]}}