{"id":154958,"date":"2018-05-08T17:38:37","date_gmt":"2018-05-08T20:38:37","guid":{"rendered":"http:\/\/www.ufla.br\/dcom\/?p=154958"},"modified":"2018-06-15T05:39:15","modified_gmt":"2018-06-15T08:39:15","slug":"cursinho-gratuito-da-ufla-iniciou-atividades-de-2018-200-estudantes-se-preparam-para-processos-seletivos","status":"publish","type":"post","link":"https:\/\/www.ufla.br\/dcom\/2018\/05\/08\/cursinho-gratuito-da-ufla-iniciou-atividades-de-2018-200-estudantes-se-preparam-para-processos-seletivos\/","title":{"rendered":"Cursinho gratuito da UFLA iniciou atividades de 2018 \u2013 200 estudantes se preparam para processos seletivos"},"content":{"rendered":"<p><a href=\"http:\/\/www.ufla.br\/dcom\/wp-content\/uploads\/2018\/05\/pr\u00e9-uni3.jpg\"><img loading=\"lazy\" decoding=\"async\" class=\"alignright size-medium wp-image-154960\" src=\"http:\/\/www.ufla.br\/dcom\/wp-content\/uploads\/2018\/05\/pr\u00e9-uni3-249x167.jpg\" alt=\"\" width=\"249\" height=\"167\" srcset=\"https:\/\/www.ufla.br\/dcom\/wp-content\/uploads\/2018\/05\/pr\u00e9-uni3-249x167.jpg 249w, https:\/\/www.ufla.br\/dcom\/wp-content\/uploads\/2018\/05\/pr\u00e9-uni3-768x517.jpg 768w, https:\/\/www.ufla.br\/dcom\/wp-content\/uploads\/2018\/05\/pr\u00e9-uni3-612x412.jpg 612w, https:\/\/www.ufla.br\/dcom\/wp-content\/uploads\/2018\/05\/pr\u00e9-uni3-120x81.jpg 120w, https:\/\/www.ufla.br\/dcom\/wp-content\/uploads\/2018\/05\/pr\u00e9-uni3.jpg 1109w\" sizes=\"auto, (max-width: 249px) 100vw, 249px\" \/><\/a>Se o primeiro per\u00edodo letivo da gradua\u00e7\u00e3o e da p\u00f3s-gradua\u00e7\u00e3o da Universidade Federal de Lavras (UFLA) em 2018 j\u00e1 come\u00e7ou h\u00e1 cerca de dois meses, h\u00e1 outro grupo de estudantes que iniciou nesta semana sua jornada de estudos do ano. O esfor\u00e7o deles \u00e9 por um objetivo diferente: o ingresso no ensino superior. S\u00e3o 200 alunos do cursinho Pr\u00e9-Uni, projeto de extens\u00e3o desenvolvido pela UFLA em parceria com a prefeitura de Lavras, que h\u00e1 13 anos beneficia jovens e adultos em situa\u00e7\u00e3o de vulnerabilidade socioecon\u00f4mica, preparando-os para os processos seletivos de universidades e outras institui\u00e7\u00f5es.<\/p>\n<p>As aulas come\u00e7aram em 7\/5 e v\u00e3o at\u00e9 novembro, encerrando-se em data anterior ao Exame Nacional do Ensino M\u00e9dio (Enem). Ser\u00e3o seis meses de aulas di\u00e1rias (segunda a sexta-feira), das 19h \u00e0s 22h30. Neste ano, o projeto ter\u00e1 ainda a novidade de promover simula\u00e7\u00f5es do Enem, com atividades aos domingos (previs\u00e3o de um domingo por m\u00eas). Foram formadas tr\u00eas turmas e as aulas s\u00e3o ministradas, desde 2017, no Centro de Treinamento da Faepe (C\u00e2mpus Hist\u00f3rico da UFLA).<\/p>\n<p><img loading=\"lazy\" decoding=\"async\" class=\"alignright size-medium wp-image-154962\" src=\"http:\/\/www.ufla.br\/dcom\/wp-content\/uploads\/2018\/05\/pr\u00e9-uni1-249x166.jpg\" alt=\"\" width=\"249\" height=\"166\" srcset=\"https:\/\/www.ufla.br\/dcom\/wp-content\/uploads\/2018\/05\/pr\u00e9-uni1-249x166.jpg 249w, https:\/\/www.ufla.br\/dcom\/wp-content\/uploads\/2018\/05\/pr\u00e9-uni1-768x512.jpg 768w, https:\/\/www.ufla.br\/dcom\/wp-content\/uploads\/2018\/05\/pr\u00e9-uni1-612x408.jpg 612w, https:\/\/www.ufla.br\/dcom\/wp-content\/uploads\/2018\/05\/pr\u00e9-uni1-120x80.jpg 120w, https:\/\/www.ufla.br\/dcom\/wp-content\/uploads\/2018\/05\/pr\u00e9-uni1.jpg 1116w\" sizes=\"auto, (max-width: 249px) 100vw, 249px\" \/><\/p>\n<p>O primeiro dia de atividades de 2018 incluiu uma recep\u00e7\u00e3o aos alunos feita pela equipe do projeto e pelo pr\u00f3-reitor de Extens\u00e3o e Cultura, professor Jo\u00e3o Jos\u00e9 Marques. Ele deu as boas-vindas a todos, lembrando a perseveran\u00e7a que \u00e9 necess\u00e1ria para o alcance das metas. Orientou as turmas quanto \u00e0s possibilidades de atendimento na Proec em caso de qualquer necessidade e ressaltou a import\u00e2ncia do projeto. \u201cEsse \u00e9 um dos nossos mais bem sucedidos programas de extens\u00e3o, consolidado, e com resultados que merecem comemora\u00e7\u00e3o. Espero que voc\u00eas tamb\u00e9m tenham sucesso aqui\u201d.<\/p>\n<figure id=\"attachment_154959\" aria-describedby=\"caption-attachment-154959\" style=\"width: 249px\" class=\"wp-caption alignleft\"><a href=\"http:\/\/www.ufla.br\/dcom\/wp-content\/uploads\/2018\/05\/pr\u00e9-uni4.jpg\"><img loading=\"lazy\" decoding=\"async\" class=\"wp-image-154959 size-medium\" src=\"http:\/\/www.ufla.br\/dcom\/wp-content\/uploads\/2018\/05\/pr\u00e9-uni4-249x182.jpg\" alt=\"\" width=\"249\" height=\"182\" srcset=\"https:\/\/www.ufla.br\/dcom\/wp-content\/uploads\/2018\/05\/pr\u00e9-uni4-249x182.jpg 249w, https:\/\/www.ufla.br\/dcom\/wp-content\/uploads\/2018\/05\/pr\u00e9-uni4-768x563.jpg 768w, https:\/\/www.ufla.br\/dcom\/wp-content\/uploads\/2018\/05\/pr\u00e9-uni4-612x449.jpg 612w, https:\/\/www.ufla.br\/dcom\/wp-content\/uploads\/2018\/05\/pr\u00e9-uni4-120x88.jpg 120w, https:\/\/www.ufla.br\/dcom\/wp-content\/uploads\/2018\/05\/pr\u00e9-uni4.jpg 1022w\" sizes=\"auto, (max-width: 249px) 100vw, 249px\" \/><\/a><figcaption id=\"caption-attachment-154959\" class=\"wp-caption-text\">O pr\u00f3-reitor de Extens\u00e3o e Cultura da UFLA incentivou os alunos a superarem os obst\u00e1culos e persistirem em seus objetivos de ingresso no ensino superior.<\/figcaption><\/figure>\n<p>Para a estudante Larissa Chitarra, o Pr\u00e9-Uni \u00e9 uma oportunidade importante para a conquista de um sonho: cursar medicina. \u201cAt\u00e9 2015 eu morei em outro munic\u00edpio, e l\u00e1 n\u00e3o havia nenhuma iniciativa como esta, para acolher alunos que desejam muito o ingresso no ensino superior e n\u00e3o t\u00eam condi\u00e7\u00f5es financeiras de se matricular em um curso preparat\u00f3rio particular. Pelo pouco que j\u00e1 escutei aqui o professor falar, percebo que o cursinho da UFLA, al\u00e9m de promover essa inclus\u00e3o, faz um trabalho s\u00e9rio, de excel\u00eancia, a exemplo da pr\u00f3pria Universidade\u201d, avalia.<\/p>\n<p>As aulas do Pr\u00e9-Uni s\u00e3o ministradas por estudantes de gradua\u00e7\u00e3o e p\u00f3s-gradua\u00e7\u00e3o da UFLA, como bolsistas ou como volunt\u00e1rios.&nbsp;<\/p>\n","protected":false},"excerpt":{"rendered":"<p>Se o primeiro per\u00edodo letivo da gradua\u00e7\u00e3o e da p\u00f3s-gradua\u00e7\u00e3o da Universidade Federal de Lavras (UFLA) em 2018 j\u00e1 come\u00e7ou h\u00e1 cerca de dois meses, h\u00e1 outro grupo de estudantes que iniciou nesta semana sua jornada de estudos do ano. O esfor\u00e7o deles \u00e9 por um objetivo diferente: o ingresso no ensino superior. S\u00e3o 200 &hellip; <a href=\"https:\/\/www.ufla.br\/dcom\/2018\/05\/08\/cursinho-gratuito-da-ufla-iniciou-atividades-de-2018-200-estudantes-se-preparam-para-processos-seletivos\/\" class=\"more-link\">Continue lendo <span class=\"screen-reader-text\">Cursinho gratuito da UFLA iniciou atividades de 2018 \u2013 200 estudantes se preparam para processos seletivos<\/span> <span class=\"meta-nav\">&rarr;<\/span><\/a><\/p>\n","protected":false},"author":28,"featured_media":0,"comment_status":"closed","ping_status":"closed","sticky":false,"template":"","format":"standard","meta":{"ngg_post_thumbnail":0,"footnotes":""},"categories":[1,10],"tags":[166,896,2129,2126,2127,237],"class_list":["post-154958","post","type-post","status-publish","format-standard","hentry","category-noticias","category-menores","tag-estudantes","tag-ex-alunos","tag-extensao-e-cultura","tag-ingressantes","tag-internacional","tag-servidores"],"_links":{"self":[{"href":"https:\/\/www.ufla.br\/dcom\/wp-json\/wp\/v2\/posts\/154958","targetHints":{"allow":["GET"]}}],"collection":[{"href":"https:\/\/www.ufla.br\/dcom\/wp-json\/wp\/v2\/posts"}],"about":[{"href":"https:\/\/www.ufla.br\/dcom\/wp-json\/wp\/v2\/types\/post"}],"author":[{"embeddable":true,"href":"https:\/\/www.ufla.br\/dcom\/wp-json\/wp\/v2\/users\/28"}],"replies":[{"embeddable":true,"href":"https:\/\/www.ufla.br\/dcom\/wp-json\/wp\/v2\/comments?post=154958"}],"version-history":[{"count":1,"href":"https:\/\/www.ufla.br\/dcom\/wp-json\/wp\/v2\/posts\/154958\/revisions"}],"predecessor-version":[{"id":154963,"href":"https:\/\/www.ufla.br\/dcom\/wp-json\/wp\/v2\/posts\/154958\/revisions\/154963"}],"wp:attachment":[{"href":"https:\/\/www.ufla.br\/dcom\/wp-json\/wp\/v2\/media?parent=154958"}],"wp:term":[{"taxonomy":"category","embeddable":true,"href":"https:\/\/www.ufla.br\/dcom\/wp-json\/wp\/v2\/categories?post=154958"},{"taxonomy":"post_tag","embeddable":true,"href":"https:\/\/www.ufla.br\/dcom\/wp-json\/wp\/v2\/tags?post=154958"}],"curies":[{"name":"wp","href":"https:\/\/api.w.org\/{rel}","templated":true}]}}